{"id":243496,"date":"2025-06-21T12:55:32","date_gmt":"2025-06-21T10:55:32","guid":{"rendered":"http:\/\/www.messinaoggi.it\/website\/?p=243496"},"modified":"2025-06-21T12:55:35","modified_gmt":"2025-06-21T10:55:35","slug":"emergenza-sfratti-azione-nei-bb-convenzionati-famiglie-costrette-a-lasciare-le-stanze-per-i-fan-di-vasco-rossi","status":"publish","type":"post","link":"https:\/\/www.messinaoggi.it\/website\/2025\/06\/21\/emergenza-sfratti-azione-nei-bb-convenzionati-famiglie-costrette-a-lasciare-le-stanze-per-i-fan-di-vasco-rossi\/","title":{"rendered":"Emergenza sfratti, Azione: \u201cNei B&#038;B convenzionati famiglie costrette a lasciare le stanze per i fan di Vasco Rossi\u201d"},"content":{"rendered":"\n<p>Massimiliano Miceli, membro della segreteria provinciale di Azione Messina, commenta quanto accaduto ad alcune famiglie sfrattate, con minori o soggetti fragili, ospitate in strutture ricettive della citt\u00e0 attraverso i fondi pubblici gestiti da Messina Social City.<div id=\"div-gpt-ad-Messinaoggi.it-DSK-300x250-corpoart\" style=\"text-align:center;margin:0 auto;\"><\/div><\/p>\n\n\n\n<p>\u00ab\u00c8 davvero incredibile, ma purtroppo vero e profondamente preoccupante\u00bb. <div id=\"videoincontent\" style=\"clear:both\";><\/div><\/p>\n\n\n\n<p>Secondo le informazioni raccolte da Azione, diverse famiglie in condizione di grave disagio sociale, alloggiate presso B&amp;B cittadini con risorse del Fondo povert\u00e0 2022 si sono viste comunicare l\u2019obbligo di lasciare le camere con effetto immediato perch\u00e9 \u201cgi\u00e0 prenotate\u201d per i giorni del concerto di Vasco Rossi.<\/p>\n\n\n\n<p>&#8220;Una vicenda assurda che solleva interrogativi gravi: com\u2019\u00e8 possibile che strutture convenzionate con fondi pubblici abbiano accettato prenotazioni in sovrapposizione? Perch\u00e9 Messina Social City non ha vigilato adeguatamente? E soprattutto, quale \u00e8 stata la reazione del sindaco Federico Basile di fronte a una situazione tanto grave che ha coinvolto anche minori?&#8221; continua Miceli.<\/p>\n\n\n\n<p>&#8220;Le famiglie, a quanto pare, sono state trasferite in provincia, ma resta il fatto che \u00e8 stato loro chiesto di andarsene, senza preavviso, per fare spazio ad altri&#8221; aggiunge l&#8217;esponente messinese di Azione.<\/p>\n\n\n\n<p>&#8220;Ancora una volta \u2013 conclude Massimiliano Miceli \u2013 ci troviamo di fronte a una gestione approssimativa, dove le necessit\u00e0 delle persone pi\u00f9 fragili vengono sacrificate in nome di eventi e interessi momentanei&#8221;. Messina rischia di diventare la citt\u00e0 del \u201ctutto \u00e8 possibile\u201d e del \u201cnon \u00e8 affar mio\u201d. Ma noi continueremo a vigilare e a chiedere risposte&#8221;.<\/p>\n","protected":false},"excerpt":{"rendered":"<p>Massimiliano Miceli, membro della segreteria provinciale di Azione Messina, commenta quanto accaduto ad alcune famiglie sfrattate, con minori o soggetti fragili, ospitate in strutture ricettive della citt\u00e0 attraverso i fondi pubblici gestiti da Messina Social City. \u00ab\u00c8 davvero incredibile, ma purtroppo vero e profondamente preoccupante\u00bb. Secondo le informazioni raccolte da Azione, diverse famiglie in condizione [&hellip;]<\/p>\n","protected":false},"author":15,"featured_media":243498,"comment_status":"open","ping_status":"open","sticky":false,"template":"","format":"standard","meta":{"ub_ctt_via":"","_mi_skip_tracking":false},"categories":[4,6],"tags":[6250,11548,11549,3122],"featured_image_src":"https:\/\/www.messinaoggi.it\/website\/wp-content\/uploads\/2025\/06\/IMG-20250621-WA0023.jpg","author_info":{"display_name":"red.me","author_link":"https:\/\/www.messinaoggi.it\/website\/author\/red-me\/"},"digistream_id":0,"digistream":false,"_links":{"self":[{"href":"https:\/\/www.messinaoggi.it\/website\/wp-json\/wp\/v2\/posts\/243496"}],"collection":[{"href":"https:\/\/www.messinaoggi.it\/website\/wp-json\/wp\/v2\/posts"}],"about":[{"href":"https:\/\/www.messinaoggi.it\/website\/wp-json\/wp\/v2\/types\/post"}],"author":[{"embeddable":true,"href":"https:\/\/www.messinaoggi.it\/website\/wp-json\/wp\/v2\/users\/15"}],"replies":[{"embeddable":true,"href":"https:\/\/www.messinaoggi.it\/website\/wp-json\/wp\/v2\/comments?post=243496"}],"version-history":[{"count":2,"href":"https:\/\/www.messinaoggi.it\/website\/wp-json\/wp\/v2\/posts\/243496\/revisions"}],"predecessor-version":[{"id":243499,"href":"https:\/\/www.messinaoggi.it\/website\/wp-json\/wp\/v2\/posts\/243496\/revisions\/243499"}],"wp:featuredmedia":[{"embeddable":true,"href":"https:\/\/www.messinaoggi.it\/website\/wp-json\/wp\/v2\/media\/243498"}],"wp:attachment":[{"href":"https:\/\/www.messinaoggi.it\/website\/wp-json\/wp\/v2\/media?parent=243496"}],"wp:term":[{"taxonomy":"category","embeddable":true,"href":"https:\/\/www.messinaoggi.it\/website\/wp-json\/wp\/v2\/categories?post=243496"},{"taxonomy":"post_tag","embeddable":true,"href":"https:\/\/www.messinaoggi.it\/website\/wp-json\/wp\/v2\/tags?post=243496"}],"curies":[{"name":"wp","href":"https:\/\/api.w.org\/{rel}","templated":true}]}}