{"id":243415,"date":"2025-06-20T11:56:04","date_gmt":"2025-06-20T09:56:04","guid":{"rendered":"http:\/\/www.messinaoggi.it\/website\/?p=243415"},"modified":"2025-06-20T11:56:06","modified_gmt":"2025-06-20T09:56:06","slug":"conferenza-di-messina-a-taormina-interviene-il-pd","status":"publish","type":"post","link":"https:\/\/www.messinaoggi.it\/website\/2025\/06\/20\/conferenza-di-messina-a-taormina-interviene-il-pd\/","title":{"rendered":"Conferenza di Messina a Taormina, interviene il PD"},"content":{"rendered":"\n<p>I consiglieri del Partito democratico <strong>Felice Calabr\u00f2, Alessandro Russo, Antonella Russo<\/strong>, intervengono sulla commemorazione della Conferenza di Messina, uno degli atti di nascita dell&#8217;Europa unita, che per\u00f2 si \u00e8 tenuta a Taormina. <div id=\"div-gpt-ad-Messinaoggi.it-DSK-300x250-corpoart\" style=\"text-align:center;margin:0 auto;\"><\/div><\/p>\n\n\n\n<p>&#8220;Se non fosse una questione tanto seria, ci sarebbe quasi da sorridere. Pare che il Sindaco Basile abbia ormai un solo obiettivo: non disturbare il manovratore. E se il manovratore si chiama Cateno De Luca, oggi sindaco di Taormina, allora tutto si accetta: anche vedere snaturata la storia della propria citt\u00e0 pur di non contraddire il capo politico. \u00c8 triste constatare come Messina, da citt\u00e0 universalmente riconosciuta come protagonista della nascita dell\u2019Europa, sia oggi ridotta al ruolo di comprimaria della cittadina ionica&#8221;.<div id=\"videoincontent\" style=\"clear:both\";><\/div><\/p>\n\n\n\n<p>&#8220;Probabilmente se De Luca fosse rimasto sindaco di Messina, questo evento di respiro europeo si sarebbe chiamato come meritava. Chiediamo al Sindaco Basile un sussulto di dignit\u00e0 istituzionale\u201d continuano.<\/p>\n\n\n\n<p>I consiglieri concludono infine con un monito a Basile: <\/p>\n\n\n\n<p>\u201cEmanciparsi non \u00e8 peccato, soprattutto quando si rappresenta una citt\u00e0 che merita rispetto e autorevolezza, non obbedienza cieca e silenzi compiacenti. L&#8217;ormai palese subalternit\u00e0 politica dell&#8217;ossequioso sindaco Basile al suo dante causa De Luca non pu\u00f2 trasformarsi in subalternit\u00e0 istituzionale di Messina, citt\u00e0 metropolitana, alla cittadina ionica&#8221;.<\/p>\n","protected":false},"excerpt":{"rendered":"<p>I consiglieri del Partito democratico Felice Calabr\u00f2, Alessandro Russo, Antonella Russo, intervengono sulla commemorazione della Conferenza di Messina, uno degli atti di nascita dell&#8217;Europa unita, che per\u00f2 si \u00e8 tenuta a Taormina. &#8220;Se non fosse una questione tanto seria, ci sarebbe quasi da sorridere. Pare che il Sindaco Basile abbia ormai un solo obiettivo: non [&hellip;]<\/p>\n","protected":false},"author":15,"featured_media":243360,"comment_status":"open","ping_status":"open","sticky":false,"template":"","format":"standard","meta":{"ub_ctt_via":"","_mi_skip_tracking":false},"categories":[4,6],"tags":[2185,6371,126,11546,2972,6003,5344],"featured_image_src":"https:\/\/www.messinaoggi.it\/website\/wp-content\/uploads\/2025\/06\/509421445_1273132877503362_2453176280220771565_n-e1761124536458.jpg","author_info":{"display_name":"red.me","author_link":"https:\/\/www.messinaoggi.it\/website\/author\/red-me\/"},"digistream_id":0,"digistream":false,"_links":{"self":[{"href":"https:\/\/www.messinaoggi.it\/website\/wp-json\/wp\/v2\/posts\/243415"}],"collection":[{"href":"https:\/\/www.messinaoggi.it\/website\/wp-json\/wp\/v2\/posts"}],"about":[{"href":"https:\/\/www.messinaoggi.it\/website\/wp-json\/wp\/v2\/types\/post"}],"author":[{"embeddable":true,"href":"https:\/\/www.messinaoggi.it\/website\/wp-json\/wp\/v2\/users\/15"}],"replies":[{"embeddable":true,"href":"https:\/\/www.messinaoggi.it\/website\/wp-json\/wp\/v2\/comments?post=243415"}],"version-history":[{"count":2,"href":"https:\/\/www.messinaoggi.it\/website\/wp-json\/wp\/v2\/posts\/243415\/revisions"}],"predecessor-version":[{"id":243417,"href":"https:\/\/www.messinaoggi.it\/website\/wp-json\/wp\/v2\/posts\/243415\/revisions\/243417"}],"wp:featuredmedia":[{"embeddable":true,"href":"https:\/\/www.messinaoggi.it\/website\/wp-json\/wp\/v2\/media\/243360"}],"wp:attachment":[{"href":"https:\/\/www.messinaoggi.it\/website\/wp-json\/wp\/v2\/media?parent=243415"}],"wp:term":[{"taxonomy":"category","embeddable":true,"href":"https:\/\/www.messinaoggi.it\/website\/wp-json\/wp\/v2\/categories?post=243415"},{"taxonomy":"post_tag","embeddable":true,"href":"https:\/\/www.messinaoggi.it\/website\/wp-json\/wp\/v2\/tags?post=243415"}],"curies":[{"name":"wp","href":"https:\/\/api.w.org\/{rel}","templated":true}]}}