{"id":2434,"date":"2017-06-08T09:22:52","date_gmt":"2017-06-08T07:22:52","guid":{"rendered":"http:\/\/www.messinaoggi.it\/website\/?p=2434"},"modified":"2017-06-08T09:22:52","modified_gmt":"2017-06-08T07:22:52","slug":"comune-ap-fumata-nera-messina-perde-anche-la-fiera","status":"publish","type":"post","link":"https:\/\/www.messinaoggi.it\/website\/2017\/06\/08\/comune-ap-fumata-nera-messina-perde-anche-la-fiera\/","title":{"rendered":"Comune-Ap fumata nera, Messina perde anche la Fiera"},"content":{"rendered":"<p>Messina perde anche la Fiera, un tempo fiore all&#8217;occhiello ed appuntamento fisso dell&#8217;estate. Il Comune e l\u2019Autorit\u00e0 Portuale non hanno trovato l\u2019accordo per il nuovo bando, cos\u00ec a meno di clamorosi dietrofront la rassegna non si far\u00e0. L&#8217;immagine che abbiamo scelto (nella foto) \u00e8 suggestiva e significativa: la fiera al tramonto&#8230;<br \/>\nA far saltare il banco \u00e8 stata la richiesta da parte del Comune di cofirmare il bando, condizione ritenuta inaccettabile per l\u2019Authority, perch\u00e9 avrebbe messo in discussione la propria titolarit\u00e0 dell\u2019intera area.<br \/>\nDura la posizione del Movimento Cambiamo Messina dal Basso, a sostegno dell\u2019Amministrazione Accorinti: &#8220;L\u2019ennesimo capitolo di questo amaro bollettino viene scritto, sempre sotto il cappello di uno sconfortante silenzio generale. Il<em>\u00a0<\/em>Commissario De Simone, con palese contraddizione, annuncia di esser pronto ad affidare la Fiera, ma solo per pochi giorni, indicando come responsabile di questa limitazione dapprima l\u2019Amministrazione comunale, con cui non ha trovato una base di accordo nelle modalit\u00e0 di affidamento, e poi, sempre nello stesso comunicato, i problemi di gestione degli spazi attualmente oggetto di lavori. La domanda sorge quindi spontanea. Se l\u2019accordo col Comune ci fosse stato, come avrebbe superato De Simone il problema dei lavori? Non sar\u00e0 forse il pi\u00f9 banale degli alibi?\u201d.<br \/>\nDavvero un brutto colpo per i messinesi ed i tanti turisti che un tempo affollavano i viali pieni di bancarelle ed attrazioni di ogni tipo. Una lenta agonia che negli ultimi anni ha visto trasformare l&#8217;appuntamento di agosto ad un mercatino estivo.<br \/>\nSono lontani i tempi della Fiera campionaria con la F maiuscola, adesso si assiste solo ad un campionario di nefandezze che umiliano la storia e la tradizione di Messina.<div id=\"div-gpt-ad-Messinaoggi.it-DSK-300x250-corpoart\" style=\"text-align:center;margin:0 auto;\"><\/div><\/p>\n<div id=\"videoincontent\" style=\"clear:both\";><\/div>","protected":false},"excerpt":{"rendered":"<p>Messina perde anche la Fiera, un tempo fiore all&#8217;occhiello ed appuntamento fisso dell&#8217;estate. Il Comune e l\u2019Autorit\u00e0 Portuale non hanno trovato l\u2019accordo per il nuovo bando, cos\u00ec a meno di clamorosi dietrofront la rassegna non si far\u00e0. L&#8217;immagine che abbiamo scelto (nella foto) \u00e8 suggestiva e significativa: la fiera al tramonto&#8230; A far saltare il [&hellip;]<\/p>\n","protected":false},"author":4,"featured_media":2467,"comment_status":"closed","ping_status":"open","sticky":false,"template":"","format":"standard","meta":{"ub_ctt_via":"","_mi_skip_tracking":false},"categories":[19],"tags":[],"featured_image_src":"https:\/\/www.messinaoggi.it\/website\/wp-content\/uploads\/2017\/06\/fiera-messina_3056-2.jpg","author_info":{"display_name":"redme","author_link":"https:\/\/www.messinaoggi.it\/website\/author\/redme\/"},"digistream_id":0,"digistream":false,"_links":{"self":[{"href":"https:\/\/www.messinaoggi.it\/website\/wp-json\/wp\/v2\/posts\/2434"}],"collection":[{"href":"https:\/\/www.messinaoggi.it\/website\/wp-json\/wp\/v2\/posts"}],"about":[{"href":"https:\/\/www.messinaoggi.it\/website\/wp-json\/wp\/v2\/types\/post"}],"author":[{"embeddable":true,"href":"https:\/\/www.messinaoggi.it\/website\/wp-json\/wp\/v2\/users\/4"}],"replies":[{"embeddable":true,"href":"https:\/\/www.messinaoggi.it\/website\/wp-json\/wp\/v2\/comments?post=2434"}],"version-history":[{"count":0,"href":"https:\/\/www.messinaoggi.it\/website\/wp-json\/wp\/v2\/posts\/2434\/revisions"}],"wp:featuredmedia":[{"embeddable":true,"href":"https:\/\/www.messinaoggi.it\/website\/wp-json\/wp\/v2\/media\/2467"}],"wp:attachment":[{"href":"https:\/\/www.messinaoggi.it\/website\/wp-json\/wp\/v2\/media?parent=2434"}],"wp:term":[{"taxonomy":"category","embeddable":true,"href":"https:\/\/www.messinaoggi.it\/website\/wp-json\/wp\/v2\/categories?post=2434"},{"taxonomy":"post_tag","embeddable":true,"href":"https:\/\/www.messinaoggi.it\/website\/wp-json\/wp\/v2\/tags?post=2434"}],"curies":[{"name":"wp","href":"https:\/\/api.w.org\/{rel}","templated":true}]}}