{"id":24327,"date":"2018-09-17T10:12:25","date_gmt":"2018-09-17T08:12:25","guid":{"rendered":"http:\/\/www.messinaoggi.it\/website\/?p=24327"},"modified":"2018-09-17T10:12:25","modified_gmt":"2018-09-17T08:12:25","slug":"de-luca-consegna-il-personale-del-comune-ai-seguaci-di-fb","status":"publish","type":"post","link":"https:\/\/www.messinaoggi.it\/website\/2018\/09\/17\/de-luca-consegna-il-personale-del-comune-ai-seguaci-di-fb\/","title":{"rendered":"De Luca consegna il personale del Comune ai &quot;seguaci&quot; di Fb"},"content":{"rendered":"<p style=\"text-align: justify;\">\u201cIn quel palazzo c\u2019\u00e8 tanta illegalit\u00e0, perch\u00e9 gli inquilini non fanno il proprio dovere\u201d. Il nuovo post su Fb del sindaco Cateno De Luca, immortalato con un selfie davanti Palazzo Zanca, \u00e8 di quelli pesanti. Il sindaco rilancia dopo una tregua apparente. Ormai \u00e8 guerra aperta contro il personale comunale.<div id=\"div-gpt-ad-Messinaoggi.it-DSK-300x250-corpoart\" style=\"text-align:center;margin:0 auto;\"><\/div><\/p>\n<p style=\"text-align: justify;\">De Luca continua a prendere di mira i lavoratori del Comune attraverso una campagna Social senza precedenti, utilizzando metodi che poco si addicono a un primo cittadino.<div id=\"videoincontent\" style=\"clear:both\";><\/div><\/p>\n<div id=\"attachment_23938\" style=\"width: 248px\" class=\"wp-caption alignleft\"><img aria-describedby=\"caption-attachment-23938\" loading=\"lazy\" class=\"size-medium wp-image-23938\" src=\"http:\/\/www.messinaoggi.it\/website\/wp-content\/uploads\/2018\/09\/E7032E18-97CF-43D3-86F7-79058B8B3F7E-238x300.jpeg\" alt=\"\" width=\"238\" height=\"300\" \/><p id=\"caption-attachment-23938\" class=\"wp-caption-text\">Il sindaco Cateno De Luca<\/p><\/div>\n<p style=\"text-align: justify;\">E\u2019 la risposta del sindaco alle reazioni dei sindacati che hanno stigmatizzato l\u2019operato di De Luca, il quale non lesina \u201cinsulti\u201d nei confronti del dipendenti del Comune. Ci\u00f2 sta generando un comprensibile clima di odio nei confronti dei lavoratori di Palazzo Zanca. Lo hanno anche affermato i sindacati nelle note stampa diramate all&#8217;indomani delle frasi rivolte ai dipendenti del Comune, definiti senza mezzi termini &#8220;scarsi&#8221;.<\/p>\n<p style=\"text-align: justify;\">Se il primo cittadino \u00e8 fortemente convinto che all\u2019interno del Municipio vi siano sacche di illegalit\u00e0, con dipendenti che non fanno il proprio dovere, perch\u00e9 non si reca a Palazzo di Giustizia per sporgere denuncia?<\/p>\n<p style=\"text-align: justify;\">La domanda sorge spontanea dal momento che De Luca a giorni alterni utilizza il suo profilo Social per rendere noto ai suoi seguaci eventuali sacche di illegalit\u00e0.<\/p>\n","protected":false},"excerpt":{"rendered":"<p>\u201cIn quel palazzo c\u2019\u00e8 tanta illegalit\u00e0, perch\u00e9 gli inquilini non fanno il proprio dovere\u201d. Il nuovo post su Fb del sindaco Cateno De Luca, immortalato con un selfie davanti Palazzo Zanca, \u00e8 di quelli pesanti. Il sindaco rilancia dopo una tregua apparente. Ormai \u00e8 guerra aperta contro il personale comunale. De Luca continua a prendere [&hellip;]<\/p>\n","protected":false},"author":2,"featured_media":10353,"comment_status":"closed","ping_status":"open","sticky":false,"template":"","format":"standard","meta":{"ub_ctt_via":"","_mi_skip_tracking":false},"categories":[19,6],"tags":[],"featured_image_src":"https:\/\/www.messinaoggi.it\/website\/wp-content\/uploads\/2017\/10\/palazzo-zanca-messina.jpg","author_info":{"display_name":"Redazione","author_link":"https:\/\/www.messinaoggi.it\/website\/author\/redazione\/"},"digistream_id":0,"digistream":false,"_links":{"self":[{"href":"https:\/\/www.messinaoggi.it\/website\/wp-json\/wp\/v2\/posts\/24327"}],"collection":[{"href":"https:\/\/www.messinaoggi.it\/website\/wp-json\/wp\/v2\/posts"}],"about":[{"href":"https:\/\/www.messinaoggi.it\/website\/wp-json\/wp\/v2\/types\/post"}],"author":[{"embeddable":true,"href":"https:\/\/www.messinaoggi.it\/website\/wp-json\/wp\/v2\/users\/2"}],"replies":[{"embeddable":true,"href":"https:\/\/www.messinaoggi.it\/website\/wp-json\/wp\/v2\/comments?post=24327"}],"version-history":[{"count":0,"href":"https:\/\/www.messinaoggi.it\/website\/wp-json\/wp\/v2\/posts\/24327\/revisions"}],"wp:featuredmedia":[{"embeddable":true,"href":"https:\/\/www.messinaoggi.it\/website\/wp-json\/wp\/v2\/media\/10353"}],"wp:attachment":[{"href":"https:\/\/www.messinaoggi.it\/website\/wp-json\/wp\/v2\/media?parent=24327"}],"wp:term":[{"taxonomy":"category","embeddable":true,"href":"https:\/\/www.messinaoggi.it\/website\/wp-json\/wp\/v2\/categories?post=24327"},{"taxonomy":"post_tag","embeddable":true,"href":"https:\/\/www.messinaoggi.it\/website\/wp-json\/wp\/v2\/tags?post=24327"}],"curies":[{"name":"wp","href":"https:\/\/api.w.org\/{rel}","templated":true}]}}