{"id":243064,"date":"2025-06-17T09:25:36","date_gmt":"2025-06-17T07:25:36","guid":{"rendered":"http:\/\/www.messinaoggi.it\/website\/?p=243064"},"modified":"2025-06-17T09:45:42","modified_gmt":"2025-06-17T07:45:42","slug":"la-piccola-elisa-vittima-del-male-oscuro-della-mamma","status":"publish","type":"post","link":"https:\/\/www.messinaoggi.it\/website\/2025\/06\/17\/la-piccola-elisa-vittima-del-male-oscuro-della-mamma\/","title":{"rendered":"La piccola Elisa vittima del &#8220;male oscuro&#8221; della mamma"},"content":{"rendered":"\n<p>Il prossimo 25 giugno avrebbe compiuto <strong>tre mesi dalla nascita<\/strong>, ma Elisa \u00e8 morta per le conseguenze di un tremendo volo, in una calda giornata di giugno. Si era ipotizzata una disgrazia, ma la pista sarebbe stata subito esclusa dopo che sono stati sentiti familiari e vicini di casa della donna precipitata dal primo piano di una palazzina a Santa Lucia Sopra Contesse.<div id=\"div-gpt-ad-Messinaoggi.it-DSK-300x250-corpoart\" style=\"text-align:center;margin:0 auto;\"><\/div><\/p>\n\n\n\n<p><strong>Depressione post-partum<\/strong><div id=\"videoincontent\" style=\"clear:both\";><\/div><\/p>\n\n\n\n<p>Giusy, la 41enne che ieri  avrebbe deciso di lanciarsi dal balcone di casa con la bimba in braccio, era sofferente da tempo per una terribile forma <strong>depressiva <\/strong><em>post-partum<\/em>. Un parto tanto desiderato e finalmente arrivato dopo anni di matrimonio. <\/p>\n\n\n\n<p><strong>Elisa, la figlia tanto attesa<\/strong><\/p>\n\n\n\n<p>Elisa era<strong> l&#8217;unica figlia<\/strong> che la normalissima coppia messinese aveva generato dopo anni di attesa. Il padre, un autentico instancabile lavoratore, \u00e8 incredulo per quanto accaduto e non riesce a darsi pace. La figlia \u00e8 morta, la moglie lotta per la vita in ospedale, al reparto di Neurochirurgia del Policlinico. Adesso \u00e8 praticamente solo, circondato solo dall&#8217;affetto di familiari, amici e colleghi di lavoro.<\/p>\n\n\n\n<figure class=\"wp-block-image size-large\"><img loading=\"lazy\" width=\"1024\" height=\"620\" src=\"http:\/\/www.messinaoggi.it\/website\/wp-content\/uploads\/2023\/05\/Policlinico-Pronto-Soccorso-2023-1-1024x620.jpeg\" alt=\"\" class=\"wp-image-156541\" srcset=\"https:\/\/www.messinaoggi.it\/website\/wp-content\/uploads\/2023\/05\/Policlinico-Pronto-Soccorso-2023-1-1024x620.jpeg 1024w, https:\/\/www.messinaoggi.it\/website\/wp-content\/uploads\/2023\/05\/Policlinico-Pronto-Soccorso-2023-1-300x182.jpeg 300w, https:\/\/www.messinaoggi.it\/website\/wp-content\/uploads\/2023\/05\/Policlinico-Pronto-Soccorso-2023-1-768x465.jpeg 768w, https:\/\/www.messinaoggi.it\/website\/wp-content\/uploads\/2023\/05\/Policlinico-Pronto-Soccorso-2023-1.jpeg 1200w\" sizes=\"(max-width: 1024px) 100vw, 1024px\" \/><figcaption><strong>La piccola \u00e8 stata trasportata al Pronto soccorso pediatrico del Policlinico<\/strong> (archivio)<\/figcaption><\/figure>\n\n\n\n<p><strong>Le condizioni della mamma<\/strong><\/p>\n\n\n\n<p>La prognosi continua ad essere riservata e soltanto dopo le 48 ore dall&#8217;incidente i medici potranno pronunciarsi sulle condizioni di Giusy. La donna si trova ricoverata al reparto di Neurochirurgia, dopo essere stata stabilizzata dai medici.<\/p>\n\n\n\n<p><strong>Le indagini<\/strong><\/p>\n\n\n\n<p>La Procura di Messina ha aperto un&#8217;inchiesta su quanto accaduto ieri mattina a Santa Lucia Sopra Contesse. In questa fase preliminare il fascicolo \u00e8 aperto contro ignoti, ma non \u00e8 escluso &#8211; trattandosi di un atto dovuto &#8211; che il nome della mamma venga iscritto nel registro degli indagati a breve.<\/p>\n","protected":false},"excerpt":{"rendered":"<p>Il prossimo 25 giugno avrebbe compiuto tre mesi dalla nascita, ma Elisa \u00e8 morta per le conseguenze di un tremendo volo, in una calda giornata di giugno. Si era ipotizzata una disgrazia, ma la pista sarebbe stata subito esclusa dopo che sono stati sentiti familiari e vicini di casa della donna precipitata dal primo piano [&hellip;]<\/p>\n","protected":false},"author":2,"featured_media":156536,"comment_status":"open","ping_status":"open","sticky":false,"template":"","format":"standard","meta":{"ub_ctt_via":"","_mi_skip_tracking":false},"categories":[19],"tags":[11539,11538,1932,1408],"featured_image_src":"https:\/\/www.messinaoggi.it\/website\/wp-content\/uploads\/2023\/05\/Policlinico-Pronto-Soccorso-2023-4.jpeg","author_info":{"display_name":"Redazione","author_link":"https:\/\/www.messinaoggi.it\/website\/author\/redazione\/"},"digistream_id":0,"digistream":false,"_links":{"self":[{"href":"https:\/\/www.messinaoggi.it\/website\/wp-json\/wp\/v2\/posts\/243064"}],"collection":[{"href":"https:\/\/www.messinaoggi.it\/website\/wp-json\/wp\/v2\/posts"}],"about":[{"href":"https:\/\/www.messinaoggi.it\/website\/wp-json\/wp\/v2\/types\/post"}],"author":[{"embeddable":true,"href":"https:\/\/www.messinaoggi.it\/website\/wp-json\/wp\/v2\/users\/2"}],"replies":[{"embeddable":true,"href":"https:\/\/www.messinaoggi.it\/website\/wp-json\/wp\/v2\/comments?post=243064"}],"version-history":[{"count":2,"href":"https:\/\/www.messinaoggi.it\/website\/wp-json\/wp\/v2\/posts\/243064\/revisions"}],"predecessor-version":[{"id":243084,"href":"https:\/\/www.messinaoggi.it\/website\/wp-json\/wp\/v2\/posts\/243064\/revisions\/243084"}],"wp:featuredmedia":[{"embeddable":true,"href":"https:\/\/www.messinaoggi.it\/website\/wp-json\/wp\/v2\/media\/156536"}],"wp:attachment":[{"href":"https:\/\/www.messinaoggi.it\/website\/wp-json\/wp\/v2\/media?parent=243064"}],"wp:term":[{"taxonomy":"category","embeddable":true,"href":"https:\/\/www.messinaoggi.it\/website\/wp-json\/wp\/v2\/categories?post=243064"},{"taxonomy":"post_tag","embeddable":true,"href":"https:\/\/www.messinaoggi.it\/website\/wp-json\/wp\/v2\/tags?post=243064"}],"curies":[{"name":"wp","href":"https:\/\/api.w.org\/{rel}","templated":true}]}}