{"id":24305,"date":"2018-09-16T00:04:26","date_gmt":"2018-09-15T22:04:26","guid":{"rendered":"http:\/\/www.messinaoggi.it\/website\/?p=24305"},"modified":"2018-09-16T00:04:26","modified_gmt":"2018-09-15T22:04:26","slug":"grave-incidente-in-viale-liberta","status":"publish","type":"post","link":"https:\/\/www.messinaoggi.it\/website\/2018\/09\/16\/grave-incidente-in-viale-liberta\/","title":{"rendered":"Grave incidente in viale Libert\u00e0"},"content":{"rendered":"<p>\u00c8 finito con il suo ciclomotore controllato una Y10 posteggiata in viale della Libert\u00e0.<br \/>\nLucio C., di 46 anni, si trova ricoverato al Policlinicoin gravi condizioni. L\u2019uomo viaggiava in sella ad una Vespa Piaggio che ha centrato in pieno la parte posteriore di una vettura posteggiata nella corsia lato monte.<br \/>\n<img loading=\"lazy\" class=\"alignnone size-medium wp-image-24307\" src=\"http:\/\/www.messinaoggi.it\/website\/wp-content\/uploads\/2018\/09\/8EBFAFB8-1C96-41E8-86AB-F245EEF09EA0-300x169.jpeg\" alt=\"\" width=\"300\" height=\"169\" \/><br \/>\nI vigili urbani della sezione infortunistica stanno cercando si ricostruire la dinamica dell\u2019incidente verificatosi intorno alle 23.<div id=\"div-gpt-ad-Messinaoggi.it-DSK-300x250-corpoart\" style=\"text-align:center;margin:0 auto;\"><\/div><\/p>\n<div id=\"videoincontent\" style=\"clear:both\";><\/div>","protected":false},"excerpt":{"rendered":"<p>\u00c8 finito con il suo ciclomotore controllato una Y10 posteggiata in viale della Libert\u00e0. Lucio C., di 46 anni, si trova ricoverato al Policlinicoin gravi condizioni. L\u2019uomo viaggiava in sella ad una Vespa Piaggio che ha centrato in pieno la parte posteriore di una vettura posteggiata nella corsia lato monte. I vigili urbani della sezione [&hellip;]<\/p>\n","protected":false},"author":2,"featured_media":24306,"comment_status":"closed","ping_status":"open","sticky":false,"template":"","format":"standard","meta":{"ub_ctt_via":"","_mi_skip_tracking":false},"categories":[19],"tags":[],"featured_image_src":"https:\/\/www.messinaoggi.it\/website\/wp-content\/uploads\/2018\/09\/A15F8941-C012-4F54-B026-B61360AECC38.jpeg","author_info":{"display_name":"Redazione","author_link":"https:\/\/www.messinaoggi.it\/website\/author\/redazione\/"},"digistream_id":0,"digistream":false,"_links":{"self":[{"href":"https:\/\/www.messinaoggi.it\/website\/wp-json\/wp\/v2\/posts\/24305"}],"collection":[{"href":"https:\/\/www.messinaoggi.it\/website\/wp-json\/wp\/v2\/posts"}],"about":[{"href":"https:\/\/www.messinaoggi.it\/website\/wp-json\/wp\/v2\/types\/post"}],"author":[{"embeddable":true,"href":"https:\/\/www.messinaoggi.it\/website\/wp-json\/wp\/v2\/users\/2"}],"replies":[{"embeddable":true,"href":"https:\/\/www.messinaoggi.it\/website\/wp-json\/wp\/v2\/comments?post=24305"}],"version-history":[{"count":0,"href":"https:\/\/www.messinaoggi.it\/website\/wp-json\/wp\/v2\/posts\/24305\/revisions"}],"wp:featuredmedia":[{"embeddable":true,"href":"https:\/\/www.messinaoggi.it\/website\/wp-json\/wp\/v2\/media\/24306"}],"wp:attachment":[{"href":"https:\/\/www.messinaoggi.it\/website\/wp-json\/wp\/v2\/media?parent=24305"}],"wp:term":[{"taxonomy":"category","embeddable":true,"href":"https:\/\/www.messinaoggi.it\/website\/wp-json\/wp\/v2\/categories?post=24305"},{"taxonomy":"post_tag","embeddable":true,"href":"https:\/\/www.messinaoggi.it\/website\/wp-json\/wp\/v2\/tags?post=24305"}],"curies":[{"name":"wp","href":"https:\/\/api.w.org\/{rel}","templated":true}]}}