{"id":242856,"date":"2025-06-13T18:09:25","date_gmt":"2025-06-13T16:09:25","guid":{"rendered":"https:\/\/www.messinaoggi.it\/website\/2025\/06\/13\/la-juve-e-tudor-rinnovano-il-tecnico-in-bianconero-fino-al-2027\/"},"modified":"2025-06-13T18:09:25","modified_gmt":"2025-06-13T16:09:25","slug":"la-juve-e-tudor-rinnovano-il-tecnico-in-bianconero-fino-al-2027","status":"publish","type":"post","link":"https:\/\/www.messinaoggi.it\/website\/2025\/06\/13\/la-juve-e-tudor-rinnovano-il-tecnico-in-bianconero-fino-al-2027\/","title":{"rendered":"La Juve e Tudor rinnovano, il tecnico in bianconero fino al 2027"},"content":{"rendered":"<div>TORINO (ITALPRESS) &#8211; Igor Tudor e la Juventus insieme fino al 2027 e chiss\u00e0 che non si vada avanti almeno fino al 2028. La &#8216;Signor\u00e0, infatti, prima di partire per gli Stati Uniti e prendere parte al Mondiale, ha ufficializzato il rinnovo del tecnico croato che anche da calciatore ha vissuto pagine importanti della sua carriera in bianconero. &#8220;Entusiasmo. Carisma. Juventinit\u00e0 &#8211; scrive la Juventus -. Tre semplici parole. Tre sostantivi che, per\u00f2, raccontano alla perfezione che cosa \u00e8 stato Igor Tudor da fine marzo a oggi, da quando \u00e8 diventato l&#8217;allenatore della Juventus, e ricordano ci\u00f2 che continuer\u00e0 a essere il tecnico croato in futuro. Da oggi \u00e8 ufficiale, infatti, il suo rinnovo di contratto. Tudor si \u00e8 legato al nostro club fino al 30 giugno 2027 &#8211; con opzione sul 2028 &#8211; e anche nelle prossime stagioni guider\u00e0 la prima squadra maschile, a partire dalla prima competizione ufficiale che andr\u00e0 in scena negli Stati Uniti, la Fifa Club World Cup&#8221;.<br \/>&#8211; Foto Ipa Agency &#8211; <br \/>(ITALPRESS).<\/div>\n<div id=\"div-gpt-ad-Messinaoggi.it-DSK-300x250-corpoart\" style=\"text-align:center;margin:0 auto;\"><\/div><\/p><div id=\"videoincontent\" style=\"clear:both\";><\/div>","protected":false},"excerpt":{"rendered":"<p>TORINO (ITALPRESS) &#8211; Igor Tudor e la Juventus insieme fino al 2027 e chiss\u00e0 che non si vada avanti almeno fino al 2028. La &#8216;Signor\u00e0, infatti, prima di partire per gli Stati Uniti e prendere parte al Mondiale, ha ufficializzato il rinnovo del tecnico croato che anche da calciatore ha vissuto pagine importanti della sua [&hellip;]<\/p>\n","protected":false},"author":18,"featured_media":242857,"comment_status":"closed","ping_status":"closed","sticky":false,"template":"","format":"standard","meta":{"ub_ctt_via":"","_mi_skip_tracking":false},"categories":[446],"tags":[783],"featured_image_src":"https:\/\/www.messinaoggi.it\/website\/wp-content\/uploads\/2025\/06\/20250613_1120.jpg","author_info":{"display_name":"Admin","author_link":"https:\/\/www.messinaoggi.it\/website\/author\/admin\/"},"digistream_id":0,"digistream":false,"_links":{"self":[{"href":"https:\/\/www.messinaoggi.it\/website\/wp-json\/wp\/v2\/posts\/242856"}],"collection":[{"href":"https:\/\/www.messinaoggi.it\/website\/wp-json\/wp\/v2\/posts"}],"about":[{"href":"https:\/\/www.messinaoggi.it\/website\/wp-json\/wp\/v2\/types\/post"}],"author":[{"embeddable":true,"href":"https:\/\/www.messinaoggi.it\/website\/wp-json\/wp\/v2\/users\/18"}],"replies":[{"embeddable":true,"href":"https:\/\/www.messinaoggi.it\/website\/wp-json\/wp\/v2\/comments?post=242856"}],"version-history":[{"count":0,"href":"https:\/\/www.messinaoggi.it\/website\/wp-json\/wp\/v2\/posts\/242856\/revisions"}],"wp:featuredmedia":[{"embeddable":true,"href":"https:\/\/www.messinaoggi.it\/website\/wp-json\/wp\/v2\/media\/242857"}],"wp:attachment":[{"href":"https:\/\/www.messinaoggi.it\/website\/wp-json\/wp\/v2\/media?parent=242856"}],"wp:term":[{"taxonomy":"category","embeddable":true,"href":"https:\/\/www.messinaoggi.it\/website\/wp-json\/wp\/v2\/categories?post=242856"},{"taxonomy":"post_tag","embeddable":true,"href":"https:\/\/www.messinaoggi.it\/website\/wp-json\/wp\/v2\/tags?post=242856"}],"curies":[{"name":"wp","href":"https:\/\/api.w.org\/{rel}","templated":true}]}}