{"id":24275,"date":"2018-09-15T09:02:59","date_gmt":"2018-09-15T07:02:59","guid":{"rendered":"http:\/\/www.messinaoggi.it\/website\/?p=24275"},"modified":"2018-09-15T09:02:59","modified_gmt":"2018-09-15T07:02:59","slug":"cisl-fp-fiducia-nelloperato-del-sindaco-de-luca","status":"publish","type":"post","link":"https:\/\/www.messinaoggi.it\/website\/2018\/09\/15\/cisl-fp-fiducia-nelloperato-del-sindaco-de-luca\/","title":{"rendered":"Cisl Fp: &quot;Fiducia nell&#039;operato del sindaco De Luca&quot;"},"content":{"rendered":"<p>Anche la Cisl Fp interviene nel dibattito scaturito dalle dichiarazioni del sindaco Cateno De Luca a proposito del personale di Palazzo Zanca.<div id=\"div-gpt-ad-Messinaoggi.it-DSK-300x250-corpoart\" style=\"text-align:center;margin:0 auto;\"><\/div><\/p>\n<p class=\"p1\"><span class=\"s1\">\u00abGuardiamo con fiducia all\u2019operato del sindaco De Luca di riorganizzazione della macchina organizzativa del Comune di Messina ma gli attacchi frontali e pubblici, senza confronto preventivo, sono sempre da evitare\u00bb. \u00c8 quanto pensa il segretario nazionale e reggente della Cisl Fp di Messina, Gigi Caracausi a seguito delle parole del primo cittadino sul personale del Comune. \u00abSicuramente De Luca \u2013 ha continuato Caracausi \u2013 quando parlava di zavorra si riferiva a quella minima parte di lavoratori che rappresentano un\u2019eccezione all\u2019interno di una struttura che ha personale molto qualificato e spesso non utilizzato secondo le proprie potenzialit\u00e0. Quello del buon funzionamento della macchina amministrativa e del pieno e corretto impiego delle professionalit\u00e0 a servizio del Comune \u00e8 una delle battaglie che la Cisl Funzione Pubblica ha intrapreso da anni e che sar\u00e0 uno dei temi dell\u2019incontro che le organizzazioni sindacali hanno chiesto al sindaco gi\u00e0 dalle settimane successive il suo insediamento\u00bb.<\/span><div id=\"videoincontent\" style=\"clear:both\";><\/div><\/p>\n<p class=\"p1\"><span class=\"s1\">\u00abSiamo certi che il sindaco De Luca, quando ha fatto quelle affermazioni in Consiglio comunale, intendeva tutelare la stragrande maggioranza dei dipendenti del Comune che ogni giorno svolgono il proprio lavoro con dedizione e puntualit\u00e0\u00bb.<\/span><\/p>\n","protected":false},"excerpt":{"rendered":"<p>Anche la Cisl Fp interviene nel dibattito scaturito dalle dichiarazioni del sindaco Cateno De Luca a proposito del personale di Palazzo Zanca. \u00abGuardiamo con fiducia all\u2019operato del sindaco De Luca di riorganizzazione della macchina organizzativa del Comune di Messina ma gli attacchi frontali e pubblici, senza confronto preventivo, sono sempre da evitare\u00bb. \u00c8 quanto pensa [&hellip;]<\/p>\n","protected":false},"author":2,"featured_media":496,"comment_status":"closed","ping_status":"open","sticky":false,"template":"","format":"standard","meta":{"ub_ctt_via":"","_mi_skip_tracking":false},"categories":[5],"tags":[],"featured_image_src":"https:\/\/www.messinaoggi.it\/website\/wp-content\/uploads\/2017\/05\/Palazzo-Zanca-2.jpg","author_info":{"display_name":"Redazione","author_link":"https:\/\/www.messinaoggi.it\/website\/author\/redazione\/"},"digistream_id":0,"digistream":false,"_links":{"self":[{"href":"https:\/\/www.messinaoggi.it\/website\/wp-json\/wp\/v2\/posts\/24275"}],"collection":[{"href":"https:\/\/www.messinaoggi.it\/website\/wp-json\/wp\/v2\/posts"}],"about":[{"href":"https:\/\/www.messinaoggi.it\/website\/wp-json\/wp\/v2\/types\/post"}],"author":[{"embeddable":true,"href":"https:\/\/www.messinaoggi.it\/website\/wp-json\/wp\/v2\/users\/2"}],"replies":[{"embeddable":true,"href":"https:\/\/www.messinaoggi.it\/website\/wp-json\/wp\/v2\/comments?post=24275"}],"version-history":[{"count":0,"href":"https:\/\/www.messinaoggi.it\/website\/wp-json\/wp\/v2\/posts\/24275\/revisions"}],"wp:featuredmedia":[{"embeddable":true,"href":"https:\/\/www.messinaoggi.it\/website\/wp-json\/wp\/v2\/media\/496"}],"wp:attachment":[{"href":"https:\/\/www.messinaoggi.it\/website\/wp-json\/wp\/v2\/media?parent=24275"}],"wp:term":[{"taxonomy":"category","embeddable":true,"href":"https:\/\/www.messinaoggi.it\/website\/wp-json\/wp\/v2\/categories?post=24275"},{"taxonomy":"post_tag","embeddable":true,"href":"https:\/\/www.messinaoggi.it\/website\/wp-json\/wp\/v2\/tags?post=24275"}],"curies":[{"name":"wp","href":"https:\/\/api.w.org\/{rel}","templated":true}]}}