{"id":24259,"date":"2018-09-14T11:09:26","date_gmt":"2018-09-14T09:09:26","guid":{"rendered":"http:\/\/www.messinaoggi.it\/website\/?p=24259"},"modified":"2018-09-14T11:09:26","modified_gmt":"2018-09-14T09:09:26","slug":"insulti-ai-dipendenti-la-replica-di-clara-croce-ma-prende-lucciole-per-lanterne","status":"publish","type":"post","link":"https:\/\/www.messinaoggi.it\/website\/2018\/09\/14\/insulti-ai-dipendenti-la-replica-di-clara-croce-ma-prende-lucciole-per-lanterne\/","title":{"rendered":"Insulti ai dipendenti, la replica di Clara Croc\u00e8. Ma prende lucciole per lanterne"},"content":{"rendered":"<p class=\"p1\" style=\"text-align: justify;\"><span class=\"s1\">\u201cCapisco l\u2019irritazione del Segretario Generale della UIL Ivan Tripodi. Sono perfettamente a conoscenza che la mia presenza ai tavoli delle trattative procura una certa allergia ai dirigenti della UIL messinese \u00a0probabilmente perch\u00e9 dico e scrivo la verit\u00e0 sulle vertenze: dalla MessinaServizi al reclutamento del personale interinale presso all\u2019ATM e alla nomina di Leonardo Le Mura (presidente cooperative che gestiscono i lavoratori impegnati in ASU) \u00a0dirigente sindacale della UILTemp ( vedi Report RAI 3), per non parlare del reclutamento di iscritti poi candidati in alcune liste\u201d. Questo il commento del segretario Croc\u00e8 in merito all\u2019articolo pubblicato sul giornale web Messinaoggi, il cui direttore\u00a0 \u00a0\u00e8 addetto stampa della UIL ed \u00a0ex candidato nelle liste Bramanti alle ultime amministrative.<\/span><div id=\"div-gpt-ad-Messinaoggi.it-DSK-300x250-corpoart\" style=\"text-align:center;margin:0 auto;\"><\/div><\/p>\n<p class=\"p1\" style=\"text-align: justify;\"><span class=\"s1\">Clara Croc\u00e8 ricorda al misogino segretario della UIL\u00a0 di aver partecipato a titolo personale e a un girotondo indetto dal \u201c Forum delle Donne messinesi\u201d dire no al commissariamento della citt\u00e0 non dovrebbe essere un problema, visto che lo stesso tema \u00e8 stato ripreso successivamente\u00a0 anche\u00a0 alcuni autorevoli giornalisti e consiglieri comunali.<\/span><div id=\"videoincontent\" style=\"clear:both\";><\/div><\/p>\n<p class=\"p1\" style=\"text-align: justify;\"><span class=\"s1\">\u201cSono messinese \u2013prosegue la dirigente sindacale- e nella qualit\u00e0 di cittadina seguir\u00f2 tutta la vertenza dello sbaraccamento di Messina e tutte le altre battaglie civili importanti per la citt\u00e0. Le accuse del segretario generale della UIL di Messina e dei suoi soldatini non mi intimoriscono, perch\u00e9 chi riuscir\u00e0 a mettermi il bavaglio deve ancora nascere\u201d.<\/span><\/p>\n<p><strong>*<\/strong><\/p>\n<p style=\"text-align: justify;\"><em>In riferimento alla replica di Clara Croc\u00e8 (nessuna parola in difesa dei lavoratori insultati da De Luca), occorre specificare quanto segue: in primo luogo il segretario generale della Uil di Messina non ha mai fatto riferimento alla stessa, ma si tratta solo di un riferimento della nostra redazione. A tal proposito, la Croc\u00e8 stia pi\u00f9 attenta a ci\u00f2 che legge per evitare figuracce.<\/em><\/p>\n<p style=\"text-align: justify;\"><em>Quanto a Davide Gambale, da due anni non \u00e8 pi\u00f9 direttore di messinaoggi.it. La direzione responsabile appartiene infatti a Nuccio Carrara.\u00a0<\/em><\/p>\n<p style=\"text-align: justify;\"><em>Infine, \u00e8 vero che Gambale \u00e8 addetto stampa della Uil-Fpl cos\u00ec com&#8217;\u00e8 vero che sia stato candidato con le liste a supporto di Bramanti. Cos\u00ec come non troviamo nulla di scandaloso che una parente di Clara Croc\u00e8 abbia lavorato nel mondo delle cooperative, crediamo che sia legittimo per un giornalista fare l&#8217;addetto stampa di una sindaco e candidarsi al consiglio comunale.<\/em><\/p>\n","protected":false},"excerpt":{"rendered":"<p>\u201cCapisco l\u2019irritazione del Segretario Generale della UIL Ivan Tripodi. Sono perfettamente a conoscenza che la mia presenza ai tavoli delle trattative procura una certa allergia ai dirigenti della UIL messinese \u00a0probabilmente perch\u00e9 dico e scrivo la verit\u00e0 sulle vertenze: dalla MessinaServizi al reclutamento del personale interinale presso all\u2019ATM e alla nomina di Leonardo Le Mura [&hellip;]<\/p>\n","protected":false},"author":2,"featured_media":8848,"comment_status":"closed","ping_status":"open","sticky":false,"template":"","format":"standard","meta":{"ub_ctt_via":"","_mi_skip_tracking":false},"categories":[6],"tags":[],"featured_image_src":"https:\/\/www.messinaoggi.it\/website\/wp-content\/uploads\/2017\/10\/Cgil-Messina-Francesco-Fucile-e-Clara-Croce-2.jpg","author_info":{"display_name":"Redazione","author_link":"https:\/\/www.messinaoggi.it\/website\/author\/redazione\/"},"digistream_id":0,"digistream":false,"_links":{"self":[{"href":"https:\/\/www.messinaoggi.it\/website\/wp-json\/wp\/v2\/posts\/24259"}],"collection":[{"href":"https:\/\/www.messinaoggi.it\/website\/wp-json\/wp\/v2\/posts"}],"about":[{"href":"https:\/\/www.messinaoggi.it\/website\/wp-json\/wp\/v2\/types\/post"}],"author":[{"embeddable":true,"href":"https:\/\/www.messinaoggi.it\/website\/wp-json\/wp\/v2\/users\/2"}],"replies":[{"embeddable":true,"href":"https:\/\/www.messinaoggi.it\/website\/wp-json\/wp\/v2\/comments?post=24259"}],"version-history":[{"count":0,"href":"https:\/\/www.messinaoggi.it\/website\/wp-json\/wp\/v2\/posts\/24259\/revisions"}],"wp:featuredmedia":[{"embeddable":true,"href":"https:\/\/www.messinaoggi.it\/website\/wp-json\/wp\/v2\/media\/8848"}],"wp:attachment":[{"href":"https:\/\/www.messinaoggi.it\/website\/wp-json\/wp\/v2\/media?parent=24259"}],"wp:term":[{"taxonomy":"category","embeddable":true,"href":"https:\/\/www.messinaoggi.it\/website\/wp-json\/wp\/v2\/categories?post=24259"},{"taxonomy":"post_tag","embeddable":true,"href":"https:\/\/www.messinaoggi.it\/website\/wp-json\/wp\/v2\/tags?post=24259"}],"curies":[{"name":"wp","href":"https:\/\/api.w.org\/{rel}","templated":true}]}}