{"id":242525,"date":"2025-06-11T00:09:27","date_gmt":"2025-06-10T22:09:27","guid":{"rendered":"https:\/\/www.messinaoggi.it\/website\/2025\/06\/10\/sanita-bertola-una-mutua-per-la-diaspora-rumena-in-italia\/"},"modified":"2025-06-11T08:55:19","modified_gmt":"2025-06-11T06:55:19","slug":"sanita-bertola-una-mutua-per-la-diaspora-rumena-in-italia","status":"publish","type":"post","link":"https:\/\/www.messinaoggi.it\/website\/2025\/06\/11\/sanita-bertola-una-mutua-per-la-diaspora-rumena-in-italia\/","title":{"rendered":"Sanit\u00e0, Bertola \u201cUna mutua per la diaspora rumena in Italia\u201d"},"content":{"rendered":"<div>MILANO (ITALPRESS) &#8211; Nasce Uniria, &#8220;la prima mutua sanitaria in Italia dedicata a una comunit\u00e0 di stranieri, in questo caso quella rumena&#8221;. Lo annuncia Giulio Bertola, presidente di Confindustria Romania, intervistato da Claudio Brachino per la rubrica Primo Piano dell&#8217;agenzia Italpress. &#8220;L&#8217;iniziativa nasce con il supporto di Mutua Mba, abbiamo pensato che poter dare un sostegno, un&#8217;assistenza sanitaria integrativa a quella pubblica anche ai rumeni che stanno in Italia poteva essere un passo importante e quindi siamo andati in quella direzione. E&#8217; un&#8217;iniziativa estremamente inclusiva perch\u00e8 per la prima volta pensiamo a famiglie che sono separate tra Paesi, e anche ai genitori anziani della diaspora che sono rimasti in Romania&#8221;, aggiunge.<br \/>\nSul fronte sociale, un progetto che \u00e8 gi\u00e0 avviato e che ha raggiunto i primi risultati, tra cui l&#8217;apprezzamento delle Nazioni Unite, \u00e8 &#8220;Vino a casa&#8221; (&#8220;Vieni a casa&#8221; in rumeno), che &#8220;ha un dialogo importante con la diaspora, in questo caso in Italia, ma stiamo ricevendo anche delle richieste da altri paesi &#8211; spiega Bertola -. In questo dialogo andiamo ad analizzare i motivi della partenza di queste persone, per la maggior parte motivi economici, e nel rispetto dell&#8217;Agenda 2030 delle Nazioni Unite cerchiamo di costruire un rientro dei cittadini della diaspora, protetto, coordinato, in sicurezza, e che salvaguarda la dignit\u00e0 della persona. &#8220;Vieni a casa&#8221; per dire che la nazione ha bisogno di te e tu puoi essere protagonista dell&#8217;evoluzione e della costruzione della nuova Romania&#8221;.<br \/>\n&#8220;E&#8217; un progetto fuori da ogni ideologia, che mette al centro dell&#8217;attenzione la persona e la famiglia &#8211; sottolinea il presidente di Confindustria Romania -. E&#8217; molto apprezzato, abbiamo abbiamo gi\u00e0 dei primi rientri, il Paese ha bisogno di competenze&#8221;.<br \/>\nNovit\u00e0 importanti arrivano anche sul fronte della rappresentanza associativa, con Bertola che \u00e8 anche presidente della Fpiar e vicepresidente della Cair. &#8220;Abbiamo alzato per la prima volta in tutta l&#8217;Europa dell&#8217;Est il livello della rappresentanza associativa istituzionale, in funzione anche della nuova legge sull&#8217;organigramma associativo federativo e confederativo in Romania &#8211; spiega Bertola -. Abbiamo fondato la Fpiar, che \u00e8 la Federazione dei Patronati degli Industriali e degli Imprenditori della Romania, siamo saliti di livello. A sua volta la Fpiar, di cui ho l&#8217;onore di essere presidente, ha fondato insieme alle Federazioni del Turismo, dell&#8217;Agricoltura, dei Costruttori edili, delle Infrastrutture, dell&#8217;Energia rinnovabile, dei Commercialisti, la confederazione che \u00e8 il pi\u00f9 alto grado associativo che si pu\u00f2 esprimere in Romania. E&#8217; la Cair, Confederazione degli imprenditori e degli industriali della Romania. Per la prima volta in 30 anni di interazione economica tra Italia e Romania un italiano ha una posizione di rilievo all&#8217;interno di una confederazione rumena&#8221;.<div id=\"div-gpt-ad-Messinaoggi.it-DSK-300x250-corpoart\" style=\"text-align:center;margin:0 auto;\"><\/div><\/p>\n<p>&#8211; Foto Italpress &#8211;<div id=\"videoincontent\" style=\"clear:both\";><\/div><\/p>\n<p>(ITALPRESS).<\/p><\/div>\n","protected":false},"excerpt":{"rendered":"<p>MILANO (ITALPRESS) &#8211; Nasce Uniria, &#8220;la prima mutua sanitaria in Italia dedicata a una comunit\u00e0 di stranieri, in questo caso quella rumena&#8221;. Lo annuncia Giulio Bertola, presidente di Confindustria Romania, intervistato da Claudio Brachino per la rubrica Primo Piano dell&#8217;agenzia Italpress. &#8220;L&#8217;iniziativa nasce con il supporto di Mutua Mba, abbiamo pensato che poter dare un [&hellip;]<\/p>\n","protected":false},"author":18,"featured_media":242526,"comment_status":"closed","ping_status":"closed","sticky":false,"template":"","format":"standard","meta":{"ub_ctt_via":"","_mi_skip_tracking":false},"categories":[221,446],"tags":[783],"featured_image_src":"https:\/\/www.messinaoggi.it\/website\/wp-content\/uploads\/2025\/06\/20250610_2015.jpg","author_info":{"display_name":"Admin","author_link":"https:\/\/www.messinaoggi.it\/website\/author\/admin\/"},"digistream_id":0,"digistream":false,"_links":{"self":[{"href":"https:\/\/www.messinaoggi.it\/website\/wp-json\/wp\/v2\/posts\/242525"}],"collection":[{"href":"https:\/\/www.messinaoggi.it\/website\/wp-json\/wp\/v2\/posts"}],"about":[{"href":"https:\/\/www.messinaoggi.it\/website\/wp-json\/wp\/v2\/types\/post"}],"author":[{"embeddable":true,"href":"https:\/\/www.messinaoggi.it\/website\/wp-json\/wp\/v2\/users\/18"}],"replies":[{"embeddable":true,"href":"https:\/\/www.messinaoggi.it\/website\/wp-json\/wp\/v2\/comments?post=242525"}],"version-history":[{"count":1,"href":"https:\/\/www.messinaoggi.it\/website\/wp-json\/wp\/v2\/posts\/242525\/revisions"}],"predecessor-version":[{"id":242530,"href":"https:\/\/www.messinaoggi.it\/website\/wp-json\/wp\/v2\/posts\/242525\/revisions\/242530"}],"wp:featuredmedia":[{"embeddable":true,"href":"https:\/\/www.messinaoggi.it\/website\/wp-json\/wp\/v2\/media\/242526"}],"wp:attachment":[{"href":"https:\/\/www.messinaoggi.it\/website\/wp-json\/wp\/v2\/media?parent=242525"}],"wp:term":[{"taxonomy":"category","embeddable":true,"href":"https:\/\/www.messinaoggi.it\/website\/wp-json\/wp\/v2\/categories?post=242525"},{"taxonomy":"post_tag","embeddable":true,"href":"https:\/\/www.messinaoggi.it\/website\/wp-json\/wp\/v2\/tags?post=242525"}],"curies":[{"name":"wp","href":"https:\/\/api.w.org\/{rel}","templated":true}]}}