{"id":242420,"date":"2025-06-10T10:20:18","date_gmt":"2025-06-10T08:20:18","guid":{"rendered":"http:\/\/www.messinaoggi.it\/website\/?p=242420"},"modified":"2025-06-10T10:21:52","modified_gmt":"2025-06-10T08:21:52","slug":"elodie-a-messina-lannuncio","status":"publish","type":"post","link":"https:\/\/www.messinaoggi.it\/website\/2025\/06\/10\/elodie-a-messina-lannuncio\/","title":{"rendered":"Elodie a Messina, l&#8217;annuncio"},"content":{"rendered":"\n<p>Messina si prepara ad accogliere uno dei nomi pi\u00f9 amati del panorama musicale italiano: Elodie sar\u00e0 in concerto il prossimo 25 novembre al PalaRescifina, per una tappa del suo attesissimo tour nazionale nei Palasport. <div id=\"div-gpt-ad-Messinaoggi.it-DSK-300x250-corpoart\" style=\"text-align:center;margin:0 auto;\"><\/div><\/p>\n\n\n\n<p>In attesa dei grandi eventi che animeranno l\u2019estate gi\u00e0 a partire dai prossimi giorni, e l\u2019autunno in citt\u00e0, l\u2019annuncio dell\u2019arrivo di Elodie conferma la volont\u00e0 di questa Amministrazione comunale di offrire ai cittadini e ai visitatori una proposta culturale e musicale di qualit\u00e0 durante tutto l\u2019anno. <div id=\"videoincontent\" style=\"clear:both\";><\/div><\/p>\n\n\n\n<p>A commentare l\u2019annuncio sono il sindaco di Messina <strong>Federico Basile<\/strong>, e l\u2019Assessore ai Grandi Eventi, <strong>Massimo Finocchiaro<\/strong>, che dichiarano congiuntamente: <\/p>\n\n\n\n<p>\u201cSiamo felici di poter annunciare un altro grande appuntamento musicale a Messina. La presenza di Elodie, artista tra le pi\u00f9 seguite e apprezzate del momento, rappresenta un\u2019ulteriore conferma della capacit\u00e0 della nostra citt\u00e0 di attrarre eventi di rilievo nazionale. Continuiamo a lavorare per rendere Messina sempre pi\u00f9 viva, accogliente e protagonista di un\u2019offerta culturale che non conosce stagioni. Il PalaRescifina, sar\u00e0 ancora una volta teatro di una serata all\u2019insegna della musica, delle emozioni e della partecipazione\u201d. <\/p>\n\n\n\n<p>L\u2019evento, patrocinato dal Comune di Messina, \u00e8 organizzato da Vivo Concerti e promosso da Giuseppe Rapisarda Management.<\/p>\n\n\n\n<p>Biglietti disponibili online dalle 14 di domani, marted\u00ec 10 giugno e dalle 11 di domenica 15 giugno nei punti vendita autorizzati.<\/p>\n","protected":false},"excerpt":{"rendered":"<p>Messina si prepara ad accogliere uno dei nomi pi\u00f9 amati del panorama musicale italiano: Elodie sar\u00e0 in concerto il prossimo 25 novembre al PalaRescifina, per una tappa del suo attesissimo tour nazionale nei Palasport. In attesa dei grandi eventi che animeranno l\u2019estate gi\u00e0 a partire dai prossimi giorni, e l\u2019autunno in citt\u00e0, l\u2019annuncio dell\u2019arrivo di [&hellip;]<\/p>\n","protected":false},"author":15,"featured_media":242422,"comment_status":"open","ping_status":"open","sticky":false,"template":"","format":"standard","meta":{"ub_ctt_via":"","_mi_skip_tracking":false},"categories":[5,6],"tags":[147,11083,11532,2516,7797],"featured_image_src":"https:\/\/www.messinaoggi.it\/website\/wp-content\/uploads\/2025\/06\/ELODIE.jpg","author_info":{"display_name":"red.me","author_link":"https:\/\/www.messinaoggi.it\/website\/author\/red-me\/"},"digistream_id":0,"digistream":false,"_links":{"self":[{"href":"https:\/\/www.messinaoggi.it\/website\/wp-json\/wp\/v2\/posts\/242420"}],"collection":[{"href":"https:\/\/www.messinaoggi.it\/website\/wp-json\/wp\/v2\/posts"}],"about":[{"href":"https:\/\/www.messinaoggi.it\/website\/wp-json\/wp\/v2\/types\/post"}],"author":[{"embeddable":true,"href":"https:\/\/www.messinaoggi.it\/website\/wp-json\/wp\/v2\/users\/15"}],"replies":[{"embeddable":true,"href":"https:\/\/www.messinaoggi.it\/website\/wp-json\/wp\/v2\/comments?post=242420"}],"version-history":[{"count":2,"href":"https:\/\/www.messinaoggi.it\/website\/wp-json\/wp\/v2\/posts\/242420\/revisions"}],"predecessor-version":[{"id":242423,"href":"https:\/\/www.messinaoggi.it\/website\/wp-json\/wp\/v2\/posts\/242420\/revisions\/242423"}],"wp:featuredmedia":[{"embeddable":true,"href":"https:\/\/www.messinaoggi.it\/website\/wp-json\/wp\/v2\/media\/242422"}],"wp:attachment":[{"href":"https:\/\/www.messinaoggi.it\/website\/wp-json\/wp\/v2\/media?parent=242420"}],"wp:term":[{"taxonomy":"category","embeddable":true,"href":"https:\/\/www.messinaoggi.it\/website\/wp-json\/wp\/v2\/categories?post=242420"},{"taxonomy":"post_tag","embeddable":true,"href":"https:\/\/www.messinaoggi.it\/website\/wp-json\/wp\/v2\/tags?post=242420"}],"curies":[{"name":"wp","href":"https:\/\/api.w.org\/{rel}","templated":true}]}}