{"id":242397,"date":"2025-06-09T20:09:28","date_gmt":"2025-06-09T18:09:28","guid":{"rendered":"https:\/\/www.messinaoggi.it\/website\/2025\/06\/09\/assist-group-donata-apparecchiatura-biomedica-per-la-cura-delluveite\/"},"modified":"2025-06-09T20:09:28","modified_gmt":"2025-06-09T18:09:28","slug":"assist-group-donata-apparecchiatura-biomedica-per-la-cura-delluveite","status":"publish","type":"post","link":"https:\/\/www.messinaoggi.it\/website\/2025\/06\/09\/assist-group-donata-apparecchiatura-biomedica-per-la-cura-delluveite\/","title":{"rendered":"Assist Group, donata apparecchiatura biomedica per la cura dell\u2019uveite"},"content":{"rendered":"<div>REGGIO EMILIA (ITALPRESS) &#8211; Assist Group ha donato una apparecchiatura biomedica alla Struttura Dipartimentale di Immunologia Oculare dell&#8217;Arcispedale Santa Maria Nuova di Reggio Emilia diretta dal professor Luca Cimino.<br \/>Il nuovo strumento, un sistema Spectralis OCT2 COMPACT con modulo angiotomografia (OCTA), rappresenta, si legge in una nota, &#8220;un significativo avanzamento tecnologico nella diagnosi tempestiva e nel follow-up delle uveiti, patologie infiammatorie dell&#8217;occhio che, se non trattate precocemente, possono compromettere gravemente la vista dei pazienti. Grazie a questa donazione, sar\u00e0 possibile offrire cure ancora pi\u00f9 puntuali ed efficaci, migliorando concretamente la qualit\u00e0 dell&#8217;assistenza offerta a chi ne ha pi\u00f9 bisogno&#8221;.<br \/>&#8220;Siamo orgogliosi di poter mettere l&#8217;innovazione al servizio della salute pubblica &#8211; ha detto Gianni Prandi, fondatore di Assist Group (nella foto) -. Crediamo infatti in un&#8217;idea di imprenditoria umanistica che mette le persone al centro di ogni sua iniziativa. Con questo spirito, siamo orgogliosi di fornire il nostro contributo alla Comunit\u00e0, sostenendo chi \u00e8 pi\u00f9 fragile e chi ogni giorno, nella Sanit\u00e0 pubblica, lavora con passione e competenza per prendersi cura degli altri&#8221;.<br \/>&#8220;Grazie di cuore al dottor Prandi e al suo gruppo &#8211; ha detto il Direttore Generale dell&#8217;Ausl IRCCS di Reggio Emilia, Davide Fornaciari -. Questa tecnologia assicurer\u00e0 un contributo sostanziale alla velocit\u00e0 e all&#8217;accuratezza delle diagnosi e sosterr\u00e0 fortemente le cure per moltissimi pazienti. La generosit\u00e0 del nostro tessuto imprenditoriale e sociale ci incoraggia a proseguire il percorso intrapreso per una Sanit\u00e0 pubblica di eccellenza che sappia raccogliere le importanti sfide che ci attendono in tema di innovazione delle cure&#8221;.<div id=\"div-gpt-ad-Messinaoggi.it-DSK-300x250-corpoart\" style=\"text-align:center;margin:0 auto;\"><\/div><\/p>\n<p>&#8211; news in collaborazione con Assist Group &#8211;<br \/>&#8211; foto LongTermValue &#8211;<br \/>(ITALPRESS).<\/div>\n<div id=\"videoincontent\" style=\"clear:both\";><\/div>","protected":false},"excerpt":{"rendered":"<p>REGGIO EMILIA (ITALPRESS) &#8211; Assist Group ha donato una apparecchiatura biomedica alla Struttura Dipartimentale di Immunologia Oculare dell&#8217;Arcispedale Santa Maria Nuova di Reggio Emilia diretta dal professor Luca Cimino.Il nuovo strumento, un sistema Spectralis OCT2 COMPACT con modulo angiotomografia (OCTA), rappresenta, si legge in una nota, &#8220;un significativo avanzamento tecnologico nella diagnosi tempestiva e nel [&hellip;]<\/p>\n","protected":false},"author":18,"featured_media":242398,"comment_status":"closed","ping_status":"closed","sticky":false,"template":"","format":"standard","meta":{"ub_ctt_via":"","_mi_skip_tracking":false},"categories":[446],"tags":[783],"featured_image_src":"https:\/\/www.messinaoggi.it\/website\/wp-content\/uploads\/2025\/06\/20250609_1777.jpg","author_info":{"display_name":"Admin","author_link":"https:\/\/www.messinaoggi.it\/website\/author\/admin\/"},"digistream_id":0,"digistream":false,"_links":{"self":[{"href":"https:\/\/www.messinaoggi.it\/website\/wp-json\/wp\/v2\/posts\/242397"}],"collection":[{"href":"https:\/\/www.messinaoggi.it\/website\/wp-json\/wp\/v2\/posts"}],"about":[{"href":"https:\/\/www.messinaoggi.it\/website\/wp-json\/wp\/v2\/types\/post"}],"author":[{"embeddable":true,"href":"https:\/\/www.messinaoggi.it\/website\/wp-json\/wp\/v2\/users\/18"}],"replies":[{"embeddable":true,"href":"https:\/\/www.messinaoggi.it\/website\/wp-json\/wp\/v2\/comments?post=242397"}],"version-history":[{"count":0,"href":"https:\/\/www.messinaoggi.it\/website\/wp-json\/wp\/v2\/posts\/242397\/revisions"}],"wp:featuredmedia":[{"embeddable":true,"href":"https:\/\/www.messinaoggi.it\/website\/wp-json\/wp\/v2\/media\/242398"}],"wp:attachment":[{"href":"https:\/\/www.messinaoggi.it\/website\/wp-json\/wp\/v2\/media?parent=242397"}],"wp:term":[{"taxonomy":"category","embeddable":true,"href":"https:\/\/www.messinaoggi.it\/website\/wp-json\/wp\/v2\/categories?post=242397"},{"taxonomy":"post_tag","embeddable":true,"href":"https:\/\/www.messinaoggi.it\/website\/wp-json\/wp\/v2\/tags?post=242397"}],"curies":[{"name":"wp","href":"https:\/\/api.w.org\/{rel}","templated":true}]}}