{"id":242395,"date":"2025-06-09T20:09:26","date_gmt":"2025-06-09T18:09:26","guid":{"rendered":"https:\/\/www.messinaoggi.it\/website\/2025\/06\/09\/juric-si-presenta-allatalanta-leredita-di-gasperini-non-mi-pesa\/"},"modified":"2025-06-09T20:09:26","modified_gmt":"2025-06-09T18:09:26","slug":"juric-si-presenta-allatalanta-leredita-di-gasperini-non-mi-pesa","status":"publish","type":"post","link":"https:\/\/www.messinaoggi.it\/website\/2025\/06\/09\/juric-si-presenta-allatalanta-leredita-di-gasperini-non-mi-pesa\/","title":{"rendered":"Juric si presenta all\u2019Atalanta \u201cL\u2019eredit\u00e0 di Gasperini non mi pesa\u201d"},"content":{"rendered":"<div>BERGAMO (ITALPRESS) &#8211; <em>&#8220;Voglio essere me stesso e avere lo stesso approccio di sempre. L&#8217;eredit\u00e0 di Gasperini non mi pesa&#8221;<\/em>. Si presenta cos\u00ec il nuovo allenatore dell&#8217;<strong>Atalanta<\/strong>, <strong>Ivan<\/strong> <strong>Juric<\/strong>, erede dell&#8217;artefice del miracolo che ha portato la Dea a vincere l&#8217;Europa League e a imporsi come una frequentatrice abituale della Champions.<div id=\"div-gpt-ad-Messinaoggi.it-DSK-300x250-corpoart\" style=\"text-align:center;margin:0 auto;\"><\/div><\/p>\n<p>Dopo una stagione negativa, segnata dall&#8217;esonero con la Roma e dalla retrocessione col Southampton, Juric ripartir\u00e0 proprio dall&#8217;Europa pi\u00f9 nobile, lasciata in dote da Gasperini, che allen\u00f2 il croato ai tempi del Genoa.<em> &#8220;Se mi pesa la sua eredit\u00e0? No, anzi, \u00e8 meglio trovare un ambiente gi\u00e0 abituato a lavorare bene. Nel calcio vari allenatori hanno indirizzato altri colleghi, Gasperini ha influenzato non solo me, ma anche altri tecnici all&#8217;estero. E&#8217; normale fare cose diverse, vedremo nel corso della stagione. Qui ci sono ottimi giocatori e non vedo l&#8217;ora di allenarli&#8221;<\/em>, taglia corto <strong>Juric<\/strong> che ha gi\u00e0 parlato col suo predecessore: <em>&#8220;Ci siamo incrociati stamattina, mi ha detto che non vuole influenzarmi troppo&#8221;.<\/em><div id=\"videoincontent\" style=\"clear:both\";><\/div><\/p>\n<p>L&#8217;allenatore della Dea riconosce le difficolt\u00e0 incontrate nell&#8217;ultima stagione:<em> &#8220;Il calcio \u00e8 cos\u00ec, ho vissuto cinque anni alla grande, ma ne basta uno per ridimensionarti o farti ripartire dall&#8217;inizio. Nell&#8217;ultimo anno non ho fatto bene e questa per me \u00e8 una grande opportunit\u00e0. Ho una grande motivazione. L&#8217;Atalanta \u00e8 diventato un grande club, con grandi risultati e una grande cultura del lavoro, ci sono molti aspetti positivi&#8221;<\/em>. C&#8217;\u00e8 voglia di dare continuit\u00e0 al progetto e alla risposta su come dovr\u00e0 essere la nuova Atalanta, la risposta di Juric \u00e8 netta: <em>&#8220;Vincente&#8221;.<\/em><\/p>\n<p>&#8211; Foto IPA Agency &#8211;<\/p>\n<p>(ITALPRESS)<\/p><\/div>\n","protected":false},"excerpt":{"rendered":"<p>BERGAMO (ITALPRESS) &#8211; &#8220;Voglio essere me stesso e avere lo stesso approccio di sempre. L&#8217;eredit\u00e0 di Gasperini non mi pesa&#8221;. Si presenta cos\u00ec il nuovo allenatore dell&#8217;Atalanta, Ivan Juric, erede dell&#8217;artefice del miracolo che ha portato la Dea a vincere l&#8217;Europa League e a imporsi come una frequentatrice abituale della Champions. Dopo una stagione negativa, [&hellip;]<\/p>\n","protected":false},"author":18,"featured_media":242396,"comment_status":"closed","ping_status":"closed","sticky":false,"template":"","format":"standard","meta":{"ub_ctt_via":"","_mi_skip_tracking":false},"categories":[446],"tags":[783],"featured_image_src":"https:\/\/www.messinaoggi.it\/website\/wp-content\/uploads\/2025\/06\/20250609_1763.jpg","author_info":{"display_name":"Admin","author_link":"https:\/\/www.messinaoggi.it\/website\/author\/admin\/"},"digistream_id":0,"digistream":false,"_links":{"self":[{"href":"https:\/\/www.messinaoggi.it\/website\/wp-json\/wp\/v2\/posts\/242395"}],"collection":[{"href":"https:\/\/www.messinaoggi.it\/website\/wp-json\/wp\/v2\/posts"}],"about":[{"href":"https:\/\/www.messinaoggi.it\/website\/wp-json\/wp\/v2\/types\/post"}],"author":[{"embeddable":true,"href":"https:\/\/www.messinaoggi.it\/website\/wp-json\/wp\/v2\/users\/18"}],"replies":[{"embeddable":true,"href":"https:\/\/www.messinaoggi.it\/website\/wp-json\/wp\/v2\/comments?post=242395"}],"version-history":[{"count":0,"href":"https:\/\/www.messinaoggi.it\/website\/wp-json\/wp\/v2\/posts\/242395\/revisions"}],"wp:featuredmedia":[{"embeddable":true,"href":"https:\/\/www.messinaoggi.it\/website\/wp-json\/wp\/v2\/media\/242396"}],"wp:attachment":[{"href":"https:\/\/www.messinaoggi.it\/website\/wp-json\/wp\/v2\/media?parent=242395"}],"wp:term":[{"taxonomy":"category","embeddable":true,"href":"https:\/\/www.messinaoggi.it\/website\/wp-json\/wp\/v2\/categories?post=242395"},{"taxonomy":"post_tag","embeddable":true,"href":"https:\/\/www.messinaoggi.it\/website\/wp-json\/wp\/v2\/tags?post=242395"}],"curies":[{"name":"wp","href":"https:\/\/api.w.org\/{rel}","templated":true}]}}