{"id":242389,"date":"2025-06-09T18:09:25","date_gmt":"2025-06-09T16:09:25","guid":{"rendered":"https:\/\/www.messinaoggi.it\/website\/2025\/06\/09\/cosmetica-italia-filippa-nuovo-direttore-comunicazione-e-public-affairs\/"},"modified":"2025-06-09T18:09:25","modified_gmt":"2025-06-09T16:09:25","slug":"cosmetica-italia-filippa-nuovo-direttore-comunicazione-e-public-affairs","status":"publish","type":"post","link":"https:\/\/www.messinaoggi.it\/website\/2025\/06\/09\/cosmetica-italia-filippa-nuovo-direttore-comunicazione-e-public-affairs\/","title":{"rendered":"Cosmetica Italia, Filippa nuovo direttore Comunicazione e Public Affairs"},"content":{"rendered":"<div>MILANO (ITALPRESS) &#8211; Federico Filippa entra nel team di Cosmetica Italia come Direttore Comunicazione e Public Affairs, &#8220;con la responsabilit\u00e0 &#8211; spiega una nota &#8211; di guidare l&#8217;area strategica della comunicazione e delle relazioni istituzionali, contribuendo cos\u00ec a rafforzare ulteriormente la posizione di Cosmetica Italia nel panorama dell&#8217;industria del benessere e della bellezza&#8221;<br \/>Filippa, si legge ancora, &#8220;ha maturato una lunga esperienza nel campo della comunicazione, della reputazione aziendale e delle relazioni istituzionali ricoprendo ruoli di crescente rilievo in aziende nazionali e internazionali leader nei settori media, tecnologia e retail. Tra le sue esperienze professionali spiccano collaborazioni con Hill &amp; Knowlton, NH Hotel Group, Schibsted, Amazon e Cisalfa Group, dove ha sviluppato e implementato strategie integrate di comunicazione corporate e relazioni istituzionali&#8221;.<br \/>&#8220;Siamo felici di accogliere Federico Filippa in Cosmetica Italia &#8211; ha commentato Silvia De Dominicis, Direttore Generale di Cosmetica Italia -. Le sue solide competenze, la visione strategica e uno stile di leadership autentico rappresentano un valore aggiunto per la nostra Associazione. Sono certa che la sua presenza sapr\u00e0 guidarci verso nuovi traguardi e ci permetter\u00e0 di rafforzare ancora di pi\u00f9 il ruolo e la voce del settore cosmetico&#8221;.<br \/>&#8220;Sono entusiasta di entrare a far parte di Cosmetica Italia e portare la mia esperienza nella gestione della reputazione e nell&#8217;interazione con gli stakeholder, con l&#8217;obiettivo di elevare ulteriormente la rappresentanza e il posizionamento dell&#8217;industria cosmetica italiana a livello nazionale e internazionale &#8211; un settore che gioca un ruolo chiave nell&#8217;economia nazionale e un&#8217;eccellenza del Made in Italy&#8221;, ha dichiarato Filippa.<div id=\"div-gpt-ad-Messinaoggi.it-DSK-300x250-corpoart\" style=\"text-align:center;margin:0 auto;\"><\/div><\/p>\n<p>&#8211; foto ufficio stampa Cosmetica Italia &#8211;<br \/>(ITALPRESS).<\/div>\n<div id=\"videoincontent\" style=\"clear:both\";><\/div>","protected":false},"excerpt":{"rendered":"<p>MILANO (ITALPRESS) &#8211; Federico Filippa entra nel team di Cosmetica Italia come Direttore Comunicazione e Public Affairs, &#8220;con la responsabilit\u00e0 &#8211; spiega una nota &#8211; di guidare l&#8217;area strategica della comunicazione e delle relazioni istituzionali, contribuendo cos\u00ec a rafforzare ulteriormente la posizione di Cosmetica Italia nel panorama dell&#8217;industria del benessere e della bellezza&#8221;Filippa, si legge [&hellip;]<\/p>\n","protected":false},"author":18,"featured_media":242390,"comment_status":"closed","ping_status":"closed","sticky":false,"template":"","format":"standard","meta":{"ub_ctt_via":"","_mi_skip_tracking":false},"categories":[446],"tags":[783],"featured_image_src":"https:\/\/www.messinaoggi.it\/website\/wp-content\/uploads\/2025\/06\/20250609_1190.jpg","author_info":{"display_name":"Admin","author_link":"https:\/\/www.messinaoggi.it\/website\/author\/admin\/"},"digistream_id":0,"digistream":false,"_links":{"self":[{"href":"https:\/\/www.messinaoggi.it\/website\/wp-json\/wp\/v2\/posts\/242389"}],"collection":[{"href":"https:\/\/www.messinaoggi.it\/website\/wp-json\/wp\/v2\/posts"}],"about":[{"href":"https:\/\/www.messinaoggi.it\/website\/wp-json\/wp\/v2\/types\/post"}],"author":[{"embeddable":true,"href":"https:\/\/www.messinaoggi.it\/website\/wp-json\/wp\/v2\/users\/18"}],"replies":[{"embeddable":true,"href":"https:\/\/www.messinaoggi.it\/website\/wp-json\/wp\/v2\/comments?post=242389"}],"version-history":[{"count":0,"href":"https:\/\/www.messinaoggi.it\/website\/wp-json\/wp\/v2\/posts\/242389\/revisions"}],"wp:featuredmedia":[{"embeddable":true,"href":"https:\/\/www.messinaoggi.it\/website\/wp-json\/wp\/v2\/media\/242390"}],"wp:attachment":[{"href":"https:\/\/www.messinaoggi.it\/website\/wp-json\/wp\/v2\/media?parent=242389"}],"wp:term":[{"taxonomy":"category","embeddable":true,"href":"https:\/\/www.messinaoggi.it\/website\/wp-json\/wp\/v2\/categories?post=242389"},{"taxonomy":"post_tag","embeddable":true,"href":"https:\/\/www.messinaoggi.it\/website\/wp-json\/wp\/v2\/tags?post=242389"}],"curies":[{"name":"wp","href":"https:\/\/api.w.org\/{rel}","templated":true}]}}