{"id":242387,"date":"2025-06-10T02:09:23","date_gmt":"2025-06-10T00:09:23","guid":{"rendered":"https:\/\/www.messinaoggi.it\/website\/2025\/06\/09\/meloni-se-remiamo-tutti-nella-stessa-direzione-litalia-e-piu-coesa-e-forte\/"},"modified":"2025-06-10T10:26:10","modified_gmt":"2025-06-10T08:26:10","slug":"meloni-se-remiamo-tutti-nella-stessa-direzione-litalia-e-piu-coesa-e-forte","status":"publish","type":"post","link":"https:\/\/www.messinaoggi.it\/website\/2025\/06\/10\/meloni-se-remiamo-tutti-nella-stessa-direzione-litalia-e-piu-coesa-e-forte\/","title":{"rendered":"Meloni \u201cSe remiamo tutti nella stessa direzione, l\u2019Italia \u00e8 pi\u00f9 coesa e forte\u201d"},"content":{"rendered":"<div>ROMA (ITALPRESS) &#8211; <em>&#8220;La filiera del largo consumo \u00e8 un settore strategico, che ha nel suo dna l&#8217;attenzione per la persona e il benessere della societ\u00e0. Il Governo ha potuto contare sulla vostra collaborazione per aiutare le famiglie italiane ad affrontare il caro prezzi e difendere il loro potere d&#8217;acquisto, in tempi di alta inflazione&#8221;<\/em>, perch\u00e8 &#8220;<em>facciamo parte di una grande comunit\u00e0, che non lascia indietro nessuno e che sa occuparsi di difendere i pi\u00f9 fragili&#8221;<\/em>. Cos\u00ec la presidente del Consiglio Giorgia <strong>Meloni,<\/strong> in un videomessaggio all&#8217;assemblea <strong>Centromarca<\/strong> in corso a Milano.<div id=\"div-gpt-ad-Messinaoggi.it-DSK-300x250-corpoart\" style=\"text-align:center;margin:0 auto;\"><\/div><\/p>\n<p>La premier ha sottolineato come ci sono<em> &#8220;tanti tasselli di un&#8217;azione comune, che contribuisce a fondare il nostro tessuto produttivo sul profitto ma anche e soprattutto sulla capacit\u00e0 di creare valore sociale. Di essere attenti ai bisogni delle famiglie e dei lavoratori, di valorizzare il capitale umano, di portare ricchezza nei territori dove opera e di guardare allo sviluppo della Nazione a 360 gradi. <\/em><em>E&#8217; un tesoro di cui dobbiamo essere consapevoli e orgogliosi, e che dobbiamo essere in grado di accrescere e valorizzare. Perch\u00e8 solo se ci teniamo per mano e remiamo tutti nella stessa direzione, possiamo difendere il bene comune e costruire un&#8217;Italia pi\u00f9 coesa, pi\u00f9 forte, pi\u00f9 giusta&#8221;<\/em>, ha concluso Meloni.<div id=\"videoincontent\" style=\"clear:both\";><\/div><\/p>\n<p>-Foto: Palazzo Chigi-<\/p>\n<p>(ITALPRESS).<\/p><\/div>\n","protected":false},"excerpt":{"rendered":"<p>ROMA (ITALPRESS) &#8211; &#8220;La filiera del largo consumo \u00e8 un settore strategico, che ha nel suo dna l&#8217;attenzione per la persona e il benessere della societ\u00e0. Il Governo ha potuto contare sulla vostra collaborazione per aiutare le famiglie italiane ad affrontare il caro prezzi e difendere il loro potere d&#8217;acquisto, in tempi di alta inflazione&#8221;, [&hellip;]<\/p>\n","protected":false},"author":18,"featured_media":242388,"comment_status":"closed","ping_status":"closed","sticky":false,"template":"","format":"standard","meta":{"ub_ctt_via":"","_mi_skip_tracking":false},"categories":[446,4],"tags":[783],"featured_image_src":"https:\/\/www.messinaoggi.it\/website\/wp-content\/uploads\/2025\/06\/20250609_1176.jpg","author_info":{"display_name":"Admin","author_link":"https:\/\/www.messinaoggi.it\/website\/author\/admin\/"},"digistream_id":0,"digistream":false,"_links":{"self":[{"href":"https:\/\/www.messinaoggi.it\/website\/wp-json\/wp\/v2\/posts\/242387"}],"collection":[{"href":"https:\/\/www.messinaoggi.it\/website\/wp-json\/wp\/v2\/posts"}],"about":[{"href":"https:\/\/www.messinaoggi.it\/website\/wp-json\/wp\/v2\/types\/post"}],"author":[{"embeddable":true,"href":"https:\/\/www.messinaoggi.it\/website\/wp-json\/wp\/v2\/users\/18"}],"replies":[{"embeddable":true,"href":"https:\/\/www.messinaoggi.it\/website\/wp-json\/wp\/v2\/comments?post=242387"}],"version-history":[{"count":1,"href":"https:\/\/www.messinaoggi.it\/website\/wp-json\/wp\/v2\/posts\/242387\/revisions"}],"predecessor-version":[{"id":242432,"href":"https:\/\/www.messinaoggi.it\/website\/wp-json\/wp\/v2\/posts\/242387\/revisions\/242432"}],"wp:featuredmedia":[{"embeddable":true,"href":"https:\/\/www.messinaoggi.it\/website\/wp-json\/wp\/v2\/media\/242388"}],"wp:attachment":[{"href":"https:\/\/www.messinaoggi.it\/website\/wp-json\/wp\/v2\/media?parent=242387"}],"wp:term":[{"taxonomy":"category","embeddable":true,"href":"https:\/\/www.messinaoggi.it\/website\/wp-json\/wp\/v2\/categories?post=242387"},{"taxonomy":"post_tag","embeddable":true,"href":"https:\/\/www.messinaoggi.it\/website\/wp-json\/wp\/v2\/tags?post=242387"}],"curies":[{"name":"wp","href":"https:\/\/api.w.org\/{rel}","templated":true}]}}