{"id":242383,"date":"2025-06-10T00:09:26","date_gmt":"2025-06-09T22:09:26","guid":{"rendered":"https:\/\/www.messinaoggi.it\/website\/2025\/06\/09\/ucraina-tajani-non-abbiamo-intenzione-di-andare-in-guerra\/"},"modified":"2025-06-10T10:25:40","modified_gmt":"2025-06-10T08:25:40","slug":"ucraina-tajani-non-abbiamo-intenzione-di-andare-in-guerra","status":"publish","type":"post","link":"https:\/\/www.messinaoggi.it\/website\/2025\/06\/10\/ucraina-tajani-non-abbiamo-intenzione-di-andare-in-guerra\/","title":{"rendered":"Ucraina, Tajani \u201cNon abbiamo intenzione di andare in guerra\u201d"},"content":{"rendered":"<div>ROMA (ITALPRESS) &#8211; &#8220;Noi non abbiamo nessuna intenzione di andare<br \/>in guerra. Abbiamo detto sempre non avremmo inviato militari<br \/>italiani in Ucraina, che le armi italiane non potevano e non<br \/>dovevano essere usate al di fuori del territorio ucraino, cio\u00e8 per colpire in Russia. Noi non siamo in guerra con la Russia:<br \/>difendiamo soltanto il diritto dell&#8217;Ucraina a difendersi, che \u00e8<br \/>un&#8217;altra cosa&#8221;. Lo ha dichiarato il vicepremier e ministro degli<br \/>Esteri, Antonio Tajani, ospite a &#8220;Il rosso e il nero&#8221; su Rai Radio1. Quanto al cessate il fuoco, secondo il ministro &#8220;\u00e8 una partita a scacchi molto complicata. Non sono ottimista su tempi brevi. Io ritengo che si arriver\u00e0 a una soluzione verso la fine dell&#8217;anno. Putin non \u00e8 cos\u00ec intenzionato ad accelerare i tempi, soprattutto per motivi economici. Il primo motivo economico \u00e8 che lui ha un milione di soldati che combattono e che vengono pagati il doppio di un operaio russo. Il secondo \u00e8 che tutta o gran parte dell&#8217;industria russa \u00e8 convertita in della difesa. Putin non pu\u00f2 fare marcia indietro in una o due settimane&#8221;. <br \/>Quindi &#8220;l&#8217;unico modo per costringere Putin potrebbe essere quello di infliggere nuove sanzioni in modo da obbligarlo ad avere meno soldi da dare ai soldati, essere costretto a ridurre la presenza militare e arrivare pi\u00f9 rapidamente ad un dialogo con Kiev per arrivare a successivamente ad un cessate il fuoco&#8221;, ha concluso.<br \/>(ITALPRESS).<br \/>-Foto: Ipa Agency-<\/div>\n<div id=\"div-gpt-ad-Messinaoggi.it-DSK-300x250-corpoart\" style=\"text-align:center;margin:0 auto;\"><\/div><\/p><div id=\"videoincontent\" style=\"clear:both\";><\/div>","protected":false},"excerpt":{"rendered":"<p>ROMA (ITALPRESS) &#8211; &#8220;Noi non abbiamo nessuna intenzione di andarein guerra. Abbiamo detto sempre non avremmo inviato militariitaliani in Ucraina, che le armi italiane non potevano e nondovevano essere usate al di fuori del territorio ucraino, cio\u00e8 per colpire in Russia. Noi non siamo in guerra con la Russia:difendiamo soltanto il diritto dell&#8217;Ucraina a difendersi, [&hellip;]<\/p>\n","protected":false},"author":18,"featured_media":242384,"comment_status":"closed","ping_status":"closed","sticky":false,"template":"","format":"standard","meta":{"ub_ctt_via":"","_mi_skip_tracking":false},"categories":[446,4],"tags":[783],"featured_image_src":"https:\/\/www.messinaoggi.it\/website\/wp-content\/uploads\/2025\/06\/20250609_0672.jpg","author_info":{"display_name":"Admin","author_link":"https:\/\/www.messinaoggi.it\/website\/author\/admin\/"},"digistream_id":0,"digistream":false,"_links":{"self":[{"href":"https:\/\/www.messinaoggi.it\/website\/wp-json\/wp\/v2\/posts\/242383"}],"collection":[{"href":"https:\/\/www.messinaoggi.it\/website\/wp-json\/wp\/v2\/posts"}],"about":[{"href":"https:\/\/www.messinaoggi.it\/website\/wp-json\/wp\/v2\/types\/post"}],"author":[{"embeddable":true,"href":"https:\/\/www.messinaoggi.it\/website\/wp-json\/wp\/v2\/users\/18"}],"replies":[{"embeddable":true,"href":"https:\/\/www.messinaoggi.it\/website\/wp-json\/wp\/v2\/comments?post=242383"}],"version-history":[{"count":1,"href":"https:\/\/www.messinaoggi.it\/website\/wp-json\/wp\/v2\/posts\/242383\/revisions"}],"predecessor-version":[{"id":242429,"href":"https:\/\/www.messinaoggi.it\/website\/wp-json\/wp\/v2\/posts\/242383\/revisions\/242429"}],"wp:featuredmedia":[{"embeddable":true,"href":"https:\/\/www.messinaoggi.it\/website\/wp-json\/wp\/v2\/media\/242384"}],"wp:attachment":[{"href":"https:\/\/www.messinaoggi.it\/website\/wp-json\/wp\/v2\/media?parent=242383"}],"wp:term":[{"taxonomy":"category","embeddable":true,"href":"https:\/\/www.messinaoggi.it\/website\/wp-json\/wp\/v2\/categories?post=242383"},{"taxonomy":"post_tag","embeddable":true,"href":"https:\/\/www.messinaoggi.it\/website\/wp-json\/wp\/v2\/tags?post=242383"}],"curies":[{"name":"wp","href":"https:\/\/api.w.org\/{rel}","templated":true}]}}