{"id":242362,"date":"2025-06-09T12:33:32","date_gmt":"2025-06-09T10:33:32","guid":{"rendered":"http:\/\/www.messinaoggi.it\/website\/?p=242362"},"modified":"2025-06-09T12:33:40","modified_gmt":"2025-06-09T10:33:40","slug":"notte-bianca-santantonio-presentato-il-programma","status":"publish","type":"post","link":"https:\/\/www.messinaoggi.it\/website\/2025\/06\/09\/notte-bianca-santantonio-presentato-il-programma\/","title":{"rendered":"Notte Bianca Sant&#8217;Antonio, presentato il programma"},"content":{"rendered":"\n<p>Presenti il sindaco <strong>Federico Basile<\/strong> e l&#8217;assessore con delega alla Protezione Civile <strong>Massimiliano Minutoli<\/strong>, \u00e8 stato illustrato oggi a palazzo Zanca il calendario di iniziative religiose e civili promosse in occasione dei festeggiamenti in onore di Sant\u2019Antonio. <div id=\"div-gpt-ad-Messinaoggi.it-DSK-300x250-corpoart\" style=\"text-align:center;margin:0 auto;\"><\/div><\/p>\n\n\n\n<p>Sono state presentate le attivit\u00e0 in programma nell\u2019ambito della \u201cNotte Bianca per Sant\u2019Antonio\u201d e della tradizionale Processione con il Carro Trionfale. L\u2019evento \u00e8 promosso dal rettore della Basilica, padre Mario Magro, in collaborazione con l\u2019Amministrazione comunale e con il patrocinio del Comune di Messina.<div id=\"videoincontent\" style=\"clear:both\";><\/div><\/p>\n\n\n\n<p>&#8220;La Notte bianca per Sant&#8217;Antonio \u2013 ha dichiarato il sindaco Basile \u2013 \u00e8 un appuntamento molto sentito in citt\u00e0, che si rinnova ogni anno nel segno della fede e della tradizione nel nome del grande Santo taumaturgo. Per la nostra cittadinanza, per i turisti e per i visitatori \u00e8 un appuntamento solenne e religioso che consente anche di vivere serate spensierate all&#8217;insegna della socializzazione e della gioia. Il programma, ancora una volta, \u00e8 abbastanza ricco e variegato, unendo nel suo calendario fede, religione e devozione, ma anche spettacoli, musica, cultura, arte, degustazioni e tanto altro, come ho avuto modo di visionare nelle tante locandine diffuse in citt\u00e0&#8221;.<\/p>\n\n\n\n<figure class=\"wp-block-image size-large\"><img loading=\"lazy\" width=\"461\" height=\"1024\" src=\"http:\/\/www.messinaoggi.it\/website\/wp-content\/uploads\/2025\/06\/Locandina-Notte-Bianca-per-SantAntonio-461x1024.jpg\" alt=\"\" class=\"wp-image-242369\" srcset=\"https:\/\/www.messinaoggi.it\/website\/wp-content\/uploads\/2025\/06\/Locandina-Notte-Bianca-per-SantAntonio-461x1024.jpg 461w, https:\/\/www.messinaoggi.it\/website\/wp-content\/uploads\/2025\/06\/Locandina-Notte-Bianca-per-SantAntonio-135x300.jpg 135w, https:\/\/www.messinaoggi.it\/website\/wp-content\/uploads\/2025\/06\/Locandina-Notte-Bianca-per-SantAntonio-768x1707.jpg 768w, https:\/\/www.messinaoggi.it\/website\/wp-content\/uploads\/2025\/06\/Locandina-Notte-Bianca-per-SantAntonio-691x1536.jpg 691w, https:\/\/www.messinaoggi.it\/website\/wp-content\/uploads\/2025\/06\/Locandina-Notte-Bianca-per-SantAntonio-922x2048.jpg 922w, https:\/\/www.messinaoggi.it\/website\/wp-content\/uploads\/2025\/06\/Locandina-Notte-Bianca-per-SantAntonio.jpg 1080w\" sizes=\"(max-width: 461px) 100vw, 461px\" \/><\/figure>\n\n\n\n<p>L&#8217;assessore Minutoli ha evidenziato: &#8220;Insieme al Sindaco e ai miei colleghi di Giunta, sono lieto di supportare e dare il mio contributo per l&#8217;allestimento di un cartellone cos\u00ec ampio che richiede una macchina organizzativa complessa. Ringrazio il comparto del Volontariato di Protezione Civile per il suo enorme contributo. Da giovane ho frequentato la Basilica di Sant&#8217;Antonio e quindi sono particolarmente legato a questo evento religioso a cui si aggiunge un&#8217;intensa attivit\u00e0 ludico-ricreativa&#8221;.<\/p>\n\n\n\n<p>Padre Magro, nel ringraziare il sindaco Basile, gli assessori Massimiliano Minutoli, Massimo Finocchiaro e tutti coloro che collaborano all&#8217;organizzazione degli eventi, ha illustrato, insieme alla presentatrice Teresa Impollonia, il programma della manifestazione, specificando che: &#8220;Chi visiter\u00e0 in questi giorni la Basilica potr\u00e0 ottenere l&#8217;Indulgenza Plenaria, nell&#8217;ambito dell&#8217;Anno Santo, che la Chiesa sta celebrando. Il medico chirurgo Enrico Gringeri, originario di Messina, figura di rilievo internazionale nel campo della chirurgia epatobiliare e dei trapianti di fegato, ricever\u00e0 il primo premio Sant&#8217;Antonio e Sant&#8217;Annibale, dedicato alla solidariet\u00e0, alla carit\u00e0 e alla fratellanza universale&#8221;.<\/p>\n\n\n\n<p><strong>In questo comunicato integrale il programma:<\/strong><\/p>\n\n\n\n<p><a href=\"https:\/\/www.comune.messina.it\/it\/news\/presentato-oggi-a-palazzo-zanca-il-programma-delle-iniziative-religiose-e-civili-per-i-festeggiamenti-in-onore-di-sant-antonio?type=2\">https:\/\/www.comune.messina.it\/it\/news\/presentato-oggi-a-palazzo-zanca-il-programma-delle-iniziative-religiose-e-civili-per-i-festeggiamenti-in-onore-di-sant-antonio?type=2<\/a><\/p>\n\n\n\n<p><\/p>\n","protected":false},"excerpt":{"rendered":"<p>Presenti il sindaco Federico Basile e l&#8217;assessore con delega alla Protezione Civile Massimiliano Minutoli, \u00e8 stato illustrato oggi a palazzo Zanca il calendario di iniziative religiose e civili promosse in occasione dei festeggiamenti in onore di Sant\u2019Antonio. Sono state presentate le attivit\u00e0 in programma nell\u2019ambito della \u201cNotte Bianca per Sant\u2019Antonio\u201d e della tradizionale Processione con [&hellip;]<\/p>\n","protected":false},"author":15,"featured_media":242368,"comment_status":"open","ping_status":"open","sticky":false,"template":"","format":"standard","meta":{"ub_ctt_via":"","_mi_skip_tracking":false},"categories":[1],"tags":[2972,11530,4809,7182],"featured_image_src":"https:\/\/www.messinaoggi.it\/website\/wp-content\/uploads\/2025\/06\/Conferenza-stampa-festeggiamenti-SantAntonio.jpg","author_info":{"display_name":"red.me","author_link":"https:\/\/www.messinaoggi.it\/website\/author\/red-me\/"},"digistream_id":0,"digistream":false,"_links":{"self":[{"href":"https:\/\/www.messinaoggi.it\/website\/wp-json\/wp\/v2\/posts\/242362"}],"collection":[{"href":"https:\/\/www.messinaoggi.it\/website\/wp-json\/wp\/v2\/posts"}],"about":[{"href":"https:\/\/www.messinaoggi.it\/website\/wp-json\/wp\/v2\/types\/post"}],"author":[{"embeddable":true,"href":"https:\/\/www.messinaoggi.it\/website\/wp-json\/wp\/v2\/users\/15"}],"replies":[{"embeddable":true,"href":"https:\/\/www.messinaoggi.it\/website\/wp-json\/wp\/v2\/comments?post=242362"}],"version-history":[{"count":5,"href":"https:\/\/www.messinaoggi.it\/website\/wp-json\/wp\/v2\/posts\/242362\/revisions"}],"predecessor-version":[{"id":242371,"href":"https:\/\/www.messinaoggi.it\/website\/wp-json\/wp\/v2\/posts\/242362\/revisions\/242371"}],"wp:featuredmedia":[{"embeddable":true,"href":"https:\/\/www.messinaoggi.it\/website\/wp-json\/wp\/v2\/media\/242368"}],"wp:attachment":[{"href":"https:\/\/www.messinaoggi.it\/website\/wp-json\/wp\/v2\/media?parent=242362"}],"wp:term":[{"taxonomy":"category","embeddable":true,"href":"https:\/\/www.messinaoggi.it\/website\/wp-json\/wp\/v2\/categories?post=242362"},{"taxonomy":"post_tag","embeddable":true,"href":"https:\/\/www.messinaoggi.it\/website\/wp-json\/wp\/v2\/tags?post=242362"}],"curies":[{"name":"wp","href":"https:\/\/api.w.org\/{rel}","templated":true}]}}