{"id":242359,"date":"2025-06-09T12:09:43","date_gmt":"2025-06-09T10:09:43","guid":{"rendered":"https:\/\/www.messinaoggi.it\/website\/2025\/06\/09\/schifani-no-alla-riforma-del-terzo-mandato-alla-vigilia-del-voto\/"},"modified":"2025-06-09T12:09:43","modified_gmt":"2025-06-09T10:09:43","slug":"schifani-no-alla-riforma-del-terzo-mandato-alla-vigilia-del-voto","status":"publish","type":"post","link":"https:\/\/www.messinaoggi.it\/website\/2025\/06\/09\/schifani-no-alla-riforma-del-terzo-mandato-alla-vigilia-del-voto\/","title":{"rendered":"Schifani \u201cNo alla riforma del Terzo mandato alla vigilia del voto\u201d"},"content":{"rendered":"<div>PALERMO (ITALPRESS) &#8211; &#8220;Il tema non \u00e8 da conferenza delle regioni, dove possono prevalere interessi e posizioni personali, ma squisitamente politico, e merita una ampia riflessione alla quale il mio partito si \u00e8 dichiarato pronto, ma con rigore e senso di responsabilit\u00e0&#8221;. Cos\u00ec, in una intervista a il Giornale, il presidente della Regione Siciliana, Renato Schifani, in merito alla questione del terzo mandato tornata di stretta attualit\u00e0 con l&#8217;inattesa apertura di Fratelli d&#8217;Italia.<br \/>&#8220;Dubito che dalla conferenza delle regioni possa emergere un pronunciamento unanime &#8211; aggiunge -, ma come ho affermato, non possono essere i presidenti di regione a condizionare una scelta strutturale del nostro sistema istituzionale, perch\u00e8 legati da potenziale conflitto di interessi&#8221;. &#8220;Sicuramente la continuit\u00e0 della buona amministrazione &#8211; sottolinea Schifani &#8211; costituisce un principio irrinunciabile e di buon senso, ma esso deve bilanciarsi con l&#8217;esigenza di evitare concentrazioni di potere in capo ad una medesima persona per troppi anni. Da ci\u00f2 infatti discende il divieto di terzo mandato nei confronti dei sindaci di comuni con popolazione superiore ai quindicimila abitanti. La logica \u00e8 proprio quella di favorire il ricambio istituzionale nel tempo. E mi sovviene a questo punto un interrogativo: perch\u00e8 non rimuovere il limite del terzo mandato nel settore degli enti locali? Ecco perch\u00e8 ritengo che l&#8217;ipotetica riforma vada ben approfondita evitando magari di realizzarla alla vigilia di competizioni elettorali cui dovrebbe applicarsi&#8221;. <br \/>&#8220;Il mio partito &#8211; puntualizza il Governatore della Sicilia &#8211; ha assunto una posizione di rigorosa riflessione sul tema, e sicuramente si confronter\u00e0 serenamente con gli alleati con i quali si \u00e8 trovata sempre una sintesi unitaria. Sono certo che sar\u00e0 cos\u00ec anche questa volta&#8221;. Ed alla domanda su come si supera la mancanza di omogeneit\u00e0 tra regioni a statuto ordinario e regioni a statuto speciale sul terzo mandato, risponde: &#8220;Questa mancanza di omogeneit\u00e0 va superata con l&#8217;unico strumento possibile sotto il profilo legislativo: modificare le norme delle regioni a statuto speciale attraverso la modifica di questi ultimi attraverso una norma di rango costituzionale. Non vedo altre soluzioni&#8221;. &#8220;E&#8217; evidente &#8211; aggiunge &#8211; che sotto il profilo temporale un emendamento ad un provvedimento gi\u00e0 in itinere costituisca una efficace scorciatoia, ma mi chiedo se una riforma cos\u00ec delicata non meriti un provvedimento specifico che assicuri un articolato dibattito. Si tratterebbe di un fatto tattico e non strategico, ma mi chiedo personalmente perch\u00e8 non procedere eventualmente con un disegno di legge specifico. E non vedrei in ci\u00f2 problemi di tempo perch\u00e8 il parlamento ha sempre dimostrato che, quando vuole andare spedito, ci riesce&#8221;.<br \/>&#8211; foto ufficio stampa Regione Siciliana &#8211;<br \/>(ITALPRESS).<\/div>\n<div id=\"div-gpt-ad-Messinaoggi.it-DSK-300x250-corpoart\" style=\"text-align:center;margin:0 auto;\"><\/div><\/p><div id=\"videoincontent\" style=\"clear:both\";><\/div>","protected":false},"excerpt":{"rendered":"<p>PALERMO (ITALPRESS) &#8211; &#8220;Il tema non \u00e8 da conferenza delle regioni, dove possono prevalere interessi e posizioni personali, ma squisitamente politico, e merita una ampia riflessione alla quale il mio partito si \u00e8 dichiarato pronto, ma con rigore e senso di responsabilit\u00e0&#8221;. Cos\u00ec, in una intervista a il Giornale, il presidente della Regione Siciliana, Renato [&hellip;]<\/p>\n","protected":false},"author":18,"featured_media":242360,"comment_status":"closed","ping_status":"closed","sticky":false,"template":"","format":"standard","meta":{"ub_ctt_via":"","_mi_skip_tracking":false},"categories":[446],"tags":[783],"featured_image_src":"https:\/\/www.messinaoggi.it\/website\/wp-content\/uploads\/2025\/06\/20250609_0185.jpg","author_info":{"display_name":"Admin","author_link":"https:\/\/www.messinaoggi.it\/website\/author\/admin\/"},"digistream_id":0,"digistream":false,"_links":{"self":[{"href":"https:\/\/www.messinaoggi.it\/website\/wp-json\/wp\/v2\/posts\/242359"}],"collection":[{"href":"https:\/\/www.messinaoggi.it\/website\/wp-json\/wp\/v2\/posts"}],"about":[{"href":"https:\/\/www.messinaoggi.it\/website\/wp-json\/wp\/v2\/types\/post"}],"author":[{"embeddable":true,"href":"https:\/\/www.messinaoggi.it\/website\/wp-json\/wp\/v2\/users\/18"}],"replies":[{"embeddable":true,"href":"https:\/\/www.messinaoggi.it\/website\/wp-json\/wp\/v2\/comments?post=242359"}],"version-history":[{"count":0,"href":"https:\/\/www.messinaoggi.it\/website\/wp-json\/wp\/v2\/posts\/242359\/revisions"}],"wp:featuredmedia":[{"embeddable":true,"href":"https:\/\/www.messinaoggi.it\/website\/wp-json\/wp\/v2\/media\/242360"}],"wp:attachment":[{"href":"https:\/\/www.messinaoggi.it\/website\/wp-json\/wp\/v2\/media?parent=242359"}],"wp:term":[{"taxonomy":"category","embeddable":true,"href":"https:\/\/www.messinaoggi.it\/website\/wp-json\/wp\/v2\/categories?post=242359"},{"taxonomy":"post_tag","embeddable":true,"href":"https:\/\/www.messinaoggi.it\/website\/wp-json\/wp\/v2\/tags?post=242359"}],"curies":[{"name":"wp","href":"https:\/\/api.w.org\/{rel}","templated":true}]}}