{"id":242354,"date":"2025-06-09T10:49:21","date_gmt":"2025-06-09T08:49:21","guid":{"rendered":"https:\/\/www.messinaoggi.it\/website\/2025\/06\/09\/schifani-do-per-scontata-la-mia-ricandidatura-avverto-la-piena-fiducia-dei-siciliani\/"},"modified":"2025-06-09T10:49:21","modified_gmt":"2025-06-09T08:49:21","slug":"schifani-do-per-scontata-la-mia-ricandidatura-avverto-la-piena-fiducia-dei-siciliani","status":"publish","type":"post","link":"https:\/\/www.messinaoggi.it\/website\/2025\/06\/09\/schifani-do-per-scontata-la-mia-ricandidatura-avverto-la-piena-fiducia-dei-siciliani\/","title":{"rendered":"Schifani \u201cDo per scontata la mia ricandidatura, avverto la piena fiducia dei siciliani\u201d"},"content":{"rendered":"<div>\n<p>PALERMO (ITALPRESS) \u2013<strong><em> \u201cDo per scontata la mia ricandidatura. C\u2019\u00e8 una regola consolidata nel centrodestra: la riconferma degli uscenti. Servono almeno due mandati per completare il lavoro avviato\u201d.<\/em><\/strong> Cos\u00ec, in una intervista a tutto campo sul giornale online<em> LiveSicilia,<\/em> il <strong>presidente della Regione Siciliana, Renato Schifani<\/strong>.<div id=\"div-gpt-ad-Messinaoggi.it-DSK-300x250-corpoart\" style=\"text-align:center;margin:0 auto;\"><\/div><\/p>\n<p><em> \u201cC\u2019\u00e8 una regola consolidata nel centrodestra che ricandida gli uscenti: abbiamo molti esempi sul punto<\/em> \u2013 ribadisce il Governatore -.<em> Su questo sono sereno e non abbocco n\u00e9 ai veleni, n\u00e9 alle chiacchiere isolate. Lavoro per i siciliani, nella prospettiva di due mandati\u201d.<\/em> La maggioranza, secondo Schifani, dove di ottima salute, <em>\u201cil clima \u00e8 buono e l\u2019Aula lo ha dimostrato con un atteggiamento di grandissima maturit\u00e0\u201d<\/em>. E per quanto riguarda <strong>Forza Italia<\/strong>, \u201c<em>siamo il primo gruppo all\u2019Ars, alle ultime elezioni europee abbiamo preso il 23,5%, alle provinciali, qualche settimana fa, siamo risultati il partito con il numero maggiore di eletti. Forza Italia \u00e8 in piena salute, con un consenso sempre crescente. Un partito all\u2019interno del quale si discute, ma sempre serenamente e alla luce del sole, in chat e di presenza. Il clima \u00e8 compatto\u201d.<\/em><div id=\"videoincontent\" style=\"clear:both\";><\/div><\/p>\n<p><em> \u201cSono un politico molto responsabile<\/em> \u2013 aggiunge \u2013 <em>che affronta il suo ruolo senza svicolare. Al tempo stesso, pretendo una assunzione di responsabilit\u00e0 generale. La Regione ha una parte della burocrazia abituata alla copertura politica: mi riferisco alla pi\u00f9 raccomandata, non alla migliore. Cos\u00ec, un sistema non \u00e8 efficace. Con me la musica \u00e8 cambiata. Sono comprensivo, vengo incontro, capisco. Ma chi sbaglia paga e non ci sono scuse\u201d.<\/em><\/p>\n<p>Ed in merito alle voci di un<strong> rimpasto<\/strong>, commenta: <em>\u201cNon ne vedo il motivo. Ci sono state mere correzioni tecniche interne ai partiti. Punto. Per il sottogoverno e le nomine ho pi\u00f9 volte sollecitato la maggioranza, c\u2019\u00e8 bisogno di una svolta. Non possiamo andare avanti con i commissari\u201d.<\/em><\/p>\n<p>Poi, alla domanda se ha davvero fatto pace con <strong>Gianfranco Miccich\u00e8<\/strong>, risponde:<em> \u201cDa parte mia non c\u2019\u00e8 mai stata nessuna guerra. Siamo entrambi figli di Silvio Berlusconi. C\u2019\u00e8 una piena sintonia politica e umana. Questo mi rende oltremodo felice\u201d.<\/em> E su qual \u00e8 il voto che si darebbe, dice <strong>\u201c<\/strong><em><strong>la sufficienza piena, perch\u00e9 sono sempre stato umile e non voglio esagerare<\/strong>. Con un\u2019ampia prospettiva di cose da fare da qui fino al 2027 e dopo. Avverto la piena fiducia dei siciliani\u201d.\u00a0<\/em><\/p>\n<p>-Foto IPA Agency-<br \/>\n(ITALPRESS).<\/p>\n<\/div>\n","protected":false},"excerpt":{"rendered":"<p>PALERMO (ITALPRESS) \u2013 \u201cDo per scontata la mia ricandidatura. C\u2019\u00e8 una regola consolidata nel centrodestra: la riconferma degli uscenti. Servono almeno due mandati per completare il lavoro avviato\u201d. Cos\u00ec, in una intervista a tutto campo sul giornale online LiveSicilia, il presidente della Regione Siciliana, Renato Schifani. \u201cC\u2019\u00e8 una regola consolidata nel centrodestra che ricandida gli [&hellip;]<\/p>\n","protected":false},"author":18,"featured_media":242355,"comment_status":"closed","ping_status":"closed","sticky":false,"template":"","format":"standard","meta":{"ub_ctt_via":"","_mi_skip_tracking":false},"categories":[2449],"tags":[783],"featured_image_src":"https:\/\/www.messinaoggi.it\/website\/wp-content\/uploads\/2025\/06\/IPA_Agency_IPA46607140.jpg","author_info":{"display_name":"Admin","author_link":"https:\/\/www.messinaoggi.it\/website\/author\/admin\/"},"digistream_id":0,"digistream":false,"_links":{"self":[{"href":"https:\/\/www.messinaoggi.it\/website\/wp-json\/wp\/v2\/posts\/242354"}],"collection":[{"href":"https:\/\/www.messinaoggi.it\/website\/wp-json\/wp\/v2\/posts"}],"about":[{"href":"https:\/\/www.messinaoggi.it\/website\/wp-json\/wp\/v2\/types\/post"}],"author":[{"embeddable":true,"href":"https:\/\/www.messinaoggi.it\/website\/wp-json\/wp\/v2\/users\/18"}],"replies":[{"embeddable":true,"href":"https:\/\/www.messinaoggi.it\/website\/wp-json\/wp\/v2\/comments?post=242354"}],"version-history":[{"count":0,"href":"https:\/\/www.messinaoggi.it\/website\/wp-json\/wp\/v2\/posts\/242354\/revisions"}],"wp:featuredmedia":[{"embeddable":true,"href":"https:\/\/www.messinaoggi.it\/website\/wp-json\/wp\/v2\/media\/242355"}],"wp:attachment":[{"href":"https:\/\/www.messinaoggi.it\/website\/wp-json\/wp\/v2\/media?parent=242354"}],"wp:term":[{"taxonomy":"category","embeddable":true,"href":"https:\/\/www.messinaoggi.it\/website\/wp-json\/wp\/v2\/categories?post=242354"},{"taxonomy":"post_tag","embeddable":true,"href":"https:\/\/www.messinaoggi.it\/website\/wp-json\/wp\/v2\/tags?post=242354"}],"curies":[{"name":"wp","href":"https:\/\/api.w.org\/{rel}","templated":true}]}}