{"id":242309,"date":"2025-06-08T16:49:23","date_gmt":"2025-06-08T14:49:23","guid":{"rendered":"https:\/\/www.messinaoggi.it\/website\/2025\/06\/08\/palermo-lagalla-supereremo-le-critiche-di-chi-si-ostina-ad-abbaiare-alla-luna\/"},"modified":"2025-06-08T16:49:23","modified_gmt":"2025-06-08T14:49:23","slug":"palermo-lagalla-supereremo-le-critiche-di-chi-si-ostina-ad-abbaiare-alla-luna","status":"publish","type":"post","link":"https:\/\/www.messinaoggi.it\/website\/2025\/06\/08\/palermo-lagalla-supereremo-le-critiche-di-chi-si-ostina-ad-abbaiare-alla-luna\/","title":{"rendered":"Palermo, Lagalla \u201cSupereremo le critiche di chi si ostina ad abbaiare alla luna\u201d"},"content":{"rendered":"<div>\n<p>PALERMO (ITALPRESS) \u2013 \u201c<em>In merito alle rilevazioni riportate dall\u2019Agcm sullo stato delle societ\u00e0 partecipate del Comune, spiace constatare che il fatto sia stato incautamente e politicamente strumentalizzato, specie da parte chi, allora maggioranza in Consiglio Comunale, ha contribuito, negli anni trascorsi, a ridurre le aziende in uno stato di mala gestione, con bilanci in rosso e con il conseguente deterioramento dei servizi resi ai cittadini. <strong>Negli ultimi tre anni, \u00e8 toccato a questa nuova amministrazione intraprendere un difficile percorso di risanamento delle societ\u00e0 partecipate, improntato alla trasparenza della gestione, alla graduale eliminazione dei disallineamenti economici e al potenziamento delle risorse tecniche ed umane<\/strong>. Consapevoli delle perduranti criticit\u00e0 nell\u2019erogazione dei servizi, si stanno conducendo ulteriori azioni che puntano al definitivo rilancio funzionale delle stesse aziende. Alla RAP sono state assunte nuove unit\u00e0 e sono gi\u00e0 in strada i mezzi che stanno servendo ad incrementare le percentuali di raccolta differenziata. Cos\u00ec come \u00e8 stato assunto nuovo personale all\u2019AMAT, immettendo in strada nuovi mezzi elettrici.<\/em><div id=\"div-gpt-ad-Messinaoggi.it-DSK-300x250-corpoart\" style=\"text-align:center;margin:0 auto;\"><\/div><\/p>\n<p><em>Saranno proprio questi i principali elementi che, con serenit\u00e0 e verit\u00e0, l\u2019amministrazione presenter\u00e0 all\u2019Agcm nella propria relazione, con la consapevolezza che le osservazioni dell\u2019Authority, che fotografano una situazione oggi datata, sono le stesse che il governo della citt\u00e0 non ha mai nascosto e rispetto alle quali esso prosegue nel proprio lavoro per correggere le disfunzioni ancora esistenti, avendo cura della qualit\u00e0 dei servizi resi alla cittadinanza e della tutela dell\u2019occupazione. In ogni caso, si \u00e8 dato mandato alla Direzione Generale di attivare un tavolo tecnico, con la partecipazione delle competenti funzioni tecnico \u2013 amministrative dell\u2019Ente, al fine di fornire all\u2019Authority i necessari e richiesti aggiornamenti. Con la responsabile consapevolezza del lavoro svolto e in corso di svolgimento,<strong> proseguiamo nel nostro impegno per la citt\u00e0, superando le interessate critiche di chi si ostina ad abbaiare alla luna\u201d<\/strong><\/em>. Cos\u00ec il <strong>sindaco di Palermo, Roberto Lagalla.<\/strong><div id=\"videoincontent\" style=\"clear:both\";><\/div><\/p>\n<p>-Foto IPA Agency-<br \/>\n(ITALPRESS).<\/p>\n<\/div>\n","protected":false},"excerpt":{"rendered":"<p>PALERMO (ITALPRESS) \u2013 \u201cIn merito alle rilevazioni riportate dall\u2019Agcm sullo stato delle societ\u00e0 partecipate del Comune, spiace constatare che il fatto sia stato incautamente e politicamente strumentalizzato, specie da parte chi, allora maggioranza in Consiglio Comunale, ha contribuito, negli anni trascorsi, a ridurre le aziende in uno stato di mala gestione, con bilanci in rosso [&hellip;]<\/p>\n","protected":false},"author":18,"featured_media":242310,"comment_status":"closed","ping_status":"closed","sticky":false,"template":"","format":"standard","meta":{"ub_ctt_via":"","_mi_skip_tracking":false},"categories":[2449],"tags":[783],"featured_image_src":"https:\/\/www.messinaoggi.it\/website\/wp-content\/uploads\/2025\/06\/lagalla.jpg","author_info":{"display_name":"Admin","author_link":"https:\/\/www.messinaoggi.it\/website\/author\/admin\/"},"digistream_id":0,"digistream":false,"_links":{"self":[{"href":"https:\/\/www.messinaoggi.it\/website\/wp-json\/wp\/v2\/posts\/242309"}],"collection":[{"href":"https:\/\/www.messinaoggi.it\/website\/wp-json\/wp\/v2\/posts"}],"about":[{"href":"https:\/\/www.messinaoggi.it\/website\/wp-json\/wp\/v2\/types\/post"}],"author":[{"embeddable":true,"href":"https:\/\/www.messinaoggi.it\/website\/wp-json\/wp\/v2\/users\/18"}],"replies":[{"embeddable":true,"href":"https:\/\/www.messinaoggi.it\/website\/wp-json\/wp\/v2\/comments?post=242309"}],"version-history":[{"count":0,"href":"https:\/\/www.messinaoggi.it\/website\/wp-json\/wp\/v2\/posts\/242309\/revisions"}],"wp:featuredmedia":[{"embeddable":true,"href":"https:\/\/www.messinaoggi.it\/website\/wp-json\/wp\/v2\/media\/242310"}],"wp:attachment":[{"href":"https:\/\/www.messinaoggi.it\/website\/wp-json\/wp\/v2\/media?parent=242309"}],"wp:term":[{"taxonomy":"category","embeddable":true,"href":"https:\/\/www.messinaoggi.it\/website\/wp-json\/wp\/v2\/categories?post=242309"},{"taxonomy":"post_tag","embeddable":true,"href":"https:\/\/www.messinaoggi.it\/website\/wp-json\/wp\/v2\/tags?post=242309"}],"curies":[{"name":"wp","href":"https:\/\/api.w.org\/{rel}","templated":true}]}}