{"id":242282,"date":"2025-06-08T00:09:23","date_gmt":"2025-06-07T22:09:23","guid":{"rendered":"https:\/\/www.messinaoggi.it\/website\/2025\/06\/07\/medio-oriente-conte-cittadini-stanchi-di-un-governo-immobile\/"},"modified":"2025-06-08T10:42:53","modified_gmt":"2025-06-08T08:42:53","slug":"medio-oriente-conte-cittadini-stanchi-di-un-governo-immobile","status":"publish","type":"post","link":"https:\/\/www.messinaoggi.it\/website\/2025\/06\/08\/medio-oriente-conte-cittadini-stanchi-di-un-governo-immobile\/","title":{"rendered":"Medio Oriente, Conte \u201cCittadini stanchi di un governo immobile\u201d"},"content":{"rendered":"<div>ROMA (ITALPRESS) &#8211; &#8220;I cittadini sono stanchi di un governo che di fronte a un genocidio preferisce in Parlamento stare immobile seduto e non fare neppure silenzio per le 60mila vittime di Gaza. L&#8217;opinione pubblica, al di l\u00e0 della sensibilit\u00e0 politica, di fronte alla disumanit\u00e0 interviene e dice adesso basta. Non intendiamo assecondare questo vostro balbettio, ipertatticismo a un governo criminale&#8221;. Cos\u00ec il presidente M5S, Giuseppe Conte, alla manifestazione per Gaza. &#8220;Questa \u00e8 la piazza dell&#8217;umanit\u00e0 contro uno sterminio sistematico che va avanti da 20 mesi con tanti governi, a partire da quello italiano, che stanno facendo finta di non vedere e ancora oggi balbettano. Ci sono misure concrete nella nostra mozione unitaria da cui parte questa iniziativa. La presenza di tantissimi cittadini oggi \u00e8 il segno che l&#8217;opinione pubblica e gli italiani non ci stanno pi\u00f9&#8221;, ha aggiunto. &#8220;Il nostro governo dovrebbe dichiarare un embargo totale di tutte le fornitore militari. Non dovremmo pi\u00f9 accettare forniture da Israele. Questo massacro non pu\u00f2 proseguire con i nostri soldi&#8221;, ha concluso Conte.<br \/>(ITALPRESS).<br \/>-Foto: xl5\/Italpress<\/div>\n<div id=\"div-gpt-ad-Messinaoggi.it-DSK-300x250-corpoart\" style=\"text-align:center;margin:0 auto;\"><\/div><\/p><div id=\"videoincontent\" style=\"clear:both\";><\/div>","protected":false},"excerpt":{"rendered":"<p>ROMA (ITALPRESS) &#8211; &#8220;I cittadini sono stanchi di un governo che di fronte a un genocidio preferisce in Parlamento stare immobile seduto e non fare neppure silenzio per le 60mila vittime di Gaza. L&#8217;opinione pubblica, al di l\u00e0 della sensibilit\u00e0 politica, di fronte alla disumanit\u00e0 interviene e dice adesso basta. Non intendiamo assecondare questo vostro [&hellip;]<\/p>\n","protected":false},"author":18,"featured_media":242283,"comment_status":"closed","ping_status":"closed","sticky":false,"template":"","format":"standard","meta":{"ub_ctt_via":"","_mi_skip_tracking":false},"categories":[446,4],"tags":[783],"featured_image_src":"https:\/\/www.messinaoggi.it\/website\/wp-content\/uploads\/2025\/06\/20250607_0916.jpg","author_info":{"display_name":"Admin","author_link":"https:\/\/www.messinaoggi.it\/website\/author\/admin\/"},"digistream_id":0,"digistream":false,"_links":{"self":[{"href":"https:\/\/www.messinaoggi.it\/website\/wp-json\/wp\/v2\/posts\/242282"}],"collection":[{"href":"https:\/\/www.messinaoggi.it\/website\/wp-json\/wp\/v2\/posts"}],"about":[{"href":"https:\/\/www.messinaoggi.it\/website\/wp-json\/wp\/v2\/types\/post"}],"author":[{"embeddable":true,"href":"https:\/\/www.messinaoggi.it\/website\/wp-json\/wp\/v2\/users\/18"}],"replies":[{"embeddable":true,"href":"https:\/\/www.messinaoggi.it\/website\/wp-json\/wp\/v2\/comments?post=242282"}],"version-history":[{"count":1,"href":"https:\/\/www.messinaoggi.it\/website\/wp-json\/wp\/v2\/posts\/242282\/revisions"}],"predecessor-version":[{"id":242297,"href":"https:\/\/www.messinaoggi.it\/website\/wp-json\/wp\/v2\/posts\/242282\/revisions\/242297"}],"wp:featuredmedia":[{"embeddable":true,"href":"https:\/\/www.messinaoggi.it\/website\/wp-json\/wp\/v2\/media\/242283"}],"wp:attachment":[{"href":"https:\/\/www.messinaoggi.it\/website\/wp-json\/wp\/v2\/media?parent=242282"}],"wp:term":[{"taxonomy":"category","embeddable":true,"href":"https:\/\/www.messinaoggi.it\/website\/wp-json\/wp\/v2\/categories?post=242282"},{"taxonomy":"post_tag","embeddable":true,"href":"https:\/\/www.messinaoggi.it\/website\/wp-json\/wp\/v2\/tags?post=242282"}],"curies":[{"name":"wp","href":"https:\/\/api.w.org\/{rel}","templated":true}]}}