{"id":242278,"date":"2025-06-08T00:09:24","date_gmt":"2025-06-07T22:09:24","guid":{"rendered":"https:\/\/www.messinaoggi.it\/website\/2025\/06\/07\/tajani-fondamentale-tagliare-lirpef-e-allargare-base-beneficiari\/"},"modified":"2025-06-08T10:43:14","modified_gmt":"2025-06-08T08:43:14","slug":"tajani-fondamentale-tagliare-lirpef-e-allargare-base-beneficiari","status":"publish","type":"post","link":"https:\/\/www.messinaoggi.it\/website\/2025\/06\/08\/tajani-fondamentale-tagliare-lirpef-e-allargare-base-beneficiari\/","title":{"rendered":"Tajani \u201cFondamentale tagliare l\u2019Irpef e allargare base beneficiari\u201d"},"content":{"rendered":"<div>ROMA (ITALPRESS) &#8211; &#8220;Il taglio delle tasse \u00e8 da sempre una priorit\u00e0 di Forza Italia come lo \u00e8 la tutela del ceto medio che rappresenta la colonna vertebrale del nostro Paese&#8221;. Cos\u00ec il vicepremier, ministro degli Esteri e segretario di Forza Italia, Antonio Tajani, risponde alla domanda di Affaritaliani.it se sia necessario accelerare con il taglio delle tasse per il ceto medio. &#8220;Per questo motivo &#8211; sottolinea Tajani &#8211; \u00e8 fondamentale il taglio dell&#8217;Irpef dal 35 al 33% allargando la base dei beneficiari fino a redditi da 60 mila euro. Chiediamo agli altri partiti della maggioranza di sostenere questa proposta&#8221;. E, sempre a proposito di imposte, &#8220;la sugar tax va rinviata almeno di dodici mesi&#8221;, conclude il ministro degli Esteri. <br \/>(ITALPRESS).<br \/>-Foto: Ipa Agency-<\/div>\n<div id=\"div-gpt-ad-Messinaoggi.it-DSK-300x250-corpoart\" style=\"text-align:center;margin:0 auto;\"><\/div><\/p><div id=\"videoincontent\" style=\"clear:both\";><\/div>","protected":false},"excerpt":{"rendered":"<p>ROMA (ITALPRESS) &#8211; &#8220;Il taglio delle tasse \u00e8 da sempre una priorit\u00e0 di Forza Italia come lo \u00e8 la tutela del ceto medio che rappresenta la colonna vertebrale del nostro Paese&#8221;. Cos\u00ec il vicepremier, ministro degli Esteri e segretario di Forza Italia, Antonio Tajani, risponde alla domanda di Affaritaliani.it se sia necessario accelerare con il [&hellip;]<\/p>\n","protected":false},"author":18,"featured_media":242279,"comment_status":"closed","ping_status":"closed","sticky":false,"template":"","format":"standard","meta":{"ub_ctt_via":"","_mi_skip_tracking":false},"categories":[446,4],"tags":[783],"featured_image_src":"https:\/\/www.messinaoggi.it\/website\/wp-content\/uploads\/2025\/06\/20250607_0786.jpg","author_info":{"display_name":"Admin","author_link":"https:\/\/www.messinaoggi.it\/website\/author\/admin\/"},"digistream_id":0,"digistream":false,"_links":{"self":[{"href":"https:\/\/www.messinaoggi.it\/website\/wp-json\/wp\/v2\/posts\/242278"}],"collection":[{"href":"https:\/\/www.messinaoggi.it\/website\/wp-json\/wp\/v2\/posts"}],"about":[{"href":"https:\/\/www.messinaoggi.it\/website\/wp-json\/wp\/v2\/types\/post"}],"author":[{"embeddable":true,"href":"https:\/\/www.messinaoggi.it\/website\/wp-json\/wp\/v2\/users\/18"}],"replies":[{"embeddable":true,"href":"https:\/\/www.messinaoggi.it\/website\/wp-json\/wp\/v2\/comments?post=242278"}],"version-history":[{"count":1,"href":"https:\/\/www.messinaoggi.it\/website\/wp-json\/wp\/v2\/posts\/242278\/revisions"}],"predecessor-version":[{"id":242299,"href":"https:\/\/www.messinaoggi.it\/website\/wp-json\/wp\/v2\/posts\/242278\/revisions\/242299"}],"wp:featuredmedia":[{"embeddable":true,"href":"https:\/\/www.messinaoggi.it\/website\/wp-json\/wp\/v2\/media\/242279"}],"wp:attachment":[{"href":"https:\/\/www.messinaoggi.it\/website\/wp-json\/wp\/v2\/media?parent=242278"}],"wp:term":[{"taxonomy":"category","embeddable":true,"href":"https:\/\/www.messinaoggi.it\/website\/wp-json\/wp\/v2\/categories?post=242278"},{"taxonomy":"post_tag","embeddable":true,"href":"https:\/\/www.messinaoggi.it\/website\/wp-json\/wp\/v2\/tags?post=242278"}],"curies":[{"name":"wp","href":"https:\/\/api.w.org\/{rel}","templated":true}]}}