{"id":242239,"date":"2025-06-06T20:09:30","date_gmt":"2025-06-06T18:09:30","guid":{"rendered":"https:\/\/www.messinaoggi.it\/website\/2025\/06\/06\/gasperini-nuovo-tecnico-della-roma-contratto-triennale\/"},"modified":"2025-06-06T20:09:30","modified_gmt":"2025-06-06T18:09:30","slug":"gasperini-nuovo-tecnico-della-roma-contratto-triennale","status":"publish","type":"post","link":"https:\/\/www.messinaoggi.it\/website\/2025\/06\/06\/gasperini-nuovo-tecnico-della-roma-contratto-triennale\/","title":{"rendered":"Gasperini nuovo tecnico della Roma, contratto triennale"},"content":{"rendered":"<div>R0MA (ITALPRESS) &#8211;<strong> Gian Piero Gasperini \u00e8 ufficialmente il nuovo allenatore della Roma.<\/strong> &#8220;<em>La propriet\u00e0 e Claudio Ranieri sono convinti che sia l&#8217;uomo giusto per questo incarico&#8221;,<\/em> sottolinea il club nel comunicato che ne ufficializza l&#8217;ingaggio.<em> &#8220;Ho detto s\u00ec alla Roma perch\u00e8 \u00e8 una grande sfida&#8221;<\/em>, ha detto il tecnico nella prima intervista ai media giallorossi, dopo la firma sul contratto triennale.<div id=\"div-gpt-ad-Messinaoggi.it-DSK-300x250-corpoart\" style=\"text-align:center;margin:0 auto;\"><\/div><\/p>\n<p>&#8220;<em>Io ho bisogno di avere una sfida importante, di venire in un ambiente con grande passione. La possibilit\u00e0 che mi hanno dato Ranieri, la societ\u00e0 e la propriet\u00e0 mi regala una grande adrenalina di cui avevo bisogno per cercare di fare qualcosa di buono&#8221;,<\/em> ha aggiunto.<div id=\"videoincontent\" style=\"clear:both\";><\/div><\/p>\n<p>&#8220;<em>C&#8217;\u00e8 una propriet\u00e0 molto forte, che ha voglia di far crescere la Roma, di portarla a livelli alti<\/em> &#8211; ha aggiunto -.<em> C&#8217;\u00e8 una persona come Ranieri, che da solo \u00e8 gi\u00e0 una garanzia per la piazza e per i tifosi. C&#8217;\u00e8 un direttore sportivo molto giovane, ma con dietro una capacit\u00e0 di lavoro, anche di scouting, che ho avuto modo di constatare. Ci sono le condizioni per fare un gran lavoro<\/em>&#8220;.<\/p>\n<p>C&#8217;\u00e8 spazio per un messaggio ai tifosi:<em> &#8220;Loro li ho visti sempre come un esempio di grande entusiasmo, l&#8217;Olimpico \u00e8 uno stadio sempre pieno. La prima cosa che si dovr\u00e0 fare, da parte mia e della squadra, sar\u00e0 riuscire a portarli dalla propria parte. E lo si potr\u00e0 fare attraverso delle prestazioni convincenti. Dobbiamo riuscire a giocare delle buone gare, con la gente soddisfatta di vedere la propria squadra. Poi il risultato \u00e8 quello che fa tutto&#8221;<\/em>, ha concluso Gasperini che lascia in eredit\u00e0 all&#8217;Atalanta una qualificazione in Champions League. Il club bergamasco per la sostituzione del tecnico di Grugliasco ha deciso di puntare su un suo allievo, nonch\u00e8 ex allenatore giallorosso: Ivan Juric. L&#8217;accordo \u00e8 stato raggiunto, manca solo l&#8217;ufficialit\u00e0.<\/p>\n<p>&#8211; Foto Ipa Agency &#8211;<\/p>\n<p>(ITALPRESS).<\/p><\/div>\n","protected":false},"excerpt":{"rendered":"<p>R0MA (ITALPRESS) &#8211; Gian Piero Gasperini \u00e8 ufficialmente il nuovo allenatore della Roma. &#8220;La propriet\u00e0 e Claudio Ranieri sono convinti che sia l&#8217;uomo giusto per questo incarico&#8221;, sottolinea il club nel comunicato che ne ufficializza l&#8217;ingaggio. &#8220;Ho detto s\u00ec alla Roma perch\u00e8 \u00e8 una grande sfida&#8221;, ha detto il tecnico nella prima intervista ai media [&hellip;]<\/p>\n","protected":false},"author":18,"featured_media":242240,"comment_status":"closed","ping_status":"closed","sticky":false,"template":"","format":"standard","meta":{"ub_ctt_via":"","_mi_skip_tracking":false},"categories":[446],"tags":[783],"featured_image_src":"https:\/\/www.messinaoggi.it\/website\/wp-content\/uploads\/2025\/06\/20250606_1846.jpg","author_info":{"display_name":"Admin","author_link":"https:\/\/www.messinaoggi.it\/website\/author\/admin\/"},"digistream_id":0,"digistream":false,"_links":{"self":[{"href":"https:\/\/www.messinaoggi.it\/website\/wp-json\/wp\/v2\/posts\/242239"}],"collection":[{"href":"https:\/\/www.messinaoggi.it\/website\/wp-json\/wp\/v2\/posts"}],"about":[{"href":"https:\/\/www.messinaoggi.it\/website\/wp-json\/wp\/v2\/types\/post"}],"author":[{"embeddable":true,"href":"https:\/\/www.messinaoggi.it\/website\/wp-json\/wp\/v2\/users\/18"}],"replies":[{"embeddable":true,"href":"https:\/\/www.messinaoggi.it\/website\/wp-json\/wp\/v2\/comments?post=242239"}],"version-history":[{"count":0,"href":"https:\/\/www.messinaoggi.it\/website\/wp-json\/wp\/v2\/posts\/242239\/revisions"}],"wp:featuredmedia":[{"embeddable":true,"href":"https:\/\/www.messinaoggi.it\/website\/wp-json\/wp\/v2\/media\/242240"}],"wp:attachment":[{"href":"https:\/\/www.messinaoggi.it\/website\/wp-json\/wp\/v2\/media?parent=242239"}],"wp:term":[{"taxonomy":"category","embeddable":true,"href":"https:\/\/www.messinaoggi.it\/website\/wp-json\/wp\/v2\/categories?post=242239"},{"taxonomy":"post_tag","embeddable":true,"href":"https:\/\/www.messinaoggi.it\/website\/wp-json\/wp\/v2\/tags?post=242239"}],"curies":[{"name":"wp","href":"https:\/\/api.w.org\/{rel}","templated":true}]}}