{"id":242223,"date":"2025-06-07T00:34:24","date_gmt":"2025-06-06T22:34:24","guid":{"rendered":"https:\/\/www.messinaoggi.it\/website\/2025\/06\/06\/taobuk-e-conferenza-messina-taormina-schifani-rilancio-visione-europea\/"},"modified":"2025-06-07T13:34:54","modified_gmt":"2025-06-07T11:34:54","slug":"taobuk-e-conferenza-messina-taormina-schifani-rilancio-visione-europea","status":"publish","type":"post","link":"https:\/\/www.messinaoggi.it\/website\/2025\/06\/07\/taobuk-e-conferenza-messina-taormina-schifani-rilancio-visione-europea\/","title":{"rendered":"Taobuk e conferenza Messina-Taormina, Schifani \u201cRilancio visione europea\u201d"},"content":{"rendered":"<div>\n<p>PALERMO (ITALPRESS) \u2013 Due citt\u00e0 siciliane che per sei giorni si trasformano in epicentro culturale e di rilancio di un\u2019idea di Europa unita. <strong>Messina<\/strong> e <strong>Taormina<\/strong> si preparano a ospitare il 70esimo anniversario della conferenza degli ex paesi Ceca, svoltasi proprio nelle due localit\u00e0, e la quindicesima edizione della kermesse culturale <strong>Taobuk<\/strong>: gli eventi, il cui programma \u00e8 stato illustrato questa mattina a Palazzo d\u2019Orleans a Palermo, sono strettamente interconnessi e si svolgeranno rispettivamente dal 18 al 20 giugno e dal 18 al 23.<div id=\"div-gpt-ad-Messinaoggi.it-DSK-300x250-corpoart\" style=\"text-align:center;margin:0 auto;\"><\/div><\/p>\n<p>Alla presentazione hanno preso parte il presidente della Regione <strong>Renato<\/strong> <strong>Schifani<\/strong>, la presidente e direttrice artistica di <strong>Taobuk Antonella<\/strong> <strong>Ferrara<\/strong>, il sindaco di Messina <strong>Federico Basile<\/strong> e il pari ruolo di Taormina <strong>Cateno De Luca<\/strong>: nel corso della conferenza \u00e8 intervenuto, in video messaggio, il ministro degli Esteri <strong>Antonio Tajani<\/strong>, che per due volte ha ringraziato Schifani per l\u2019organizzazione e la realizzazione degli appuntamenti.<div id=\"videoincontent\" style=\"clear:both\";><\/div><\/p>\n<p>A settant\u2019anni dalla Conferenza di Messina e Taormina, la Sicilia si ripropone come luogo simbolo di unit\u00e0 e riflessione sul futuro dell\u2019Europa, con l\u2019auspicio di trovare una quadra proprio come nel 1955: a tal fine saranno presenti i ministri degli Esteri (o i relativi rappresentanti) di tutti e 27 i paesi Ue e degli altri Stati in attesa di adesione. I temi al centro dell\u2019incontro saranno difesa comune, Mediterraneo allargato, relazioni transatlantiche e confini.<\/p>\n<p>Quello dei confini sar\u00e0 anche il tema centrale di <strong>Taobuk<\/strong>: in questo caso verranno intesi come spazio da condividere e rispettare, ma anche come luogo di accettazione delle reciproche identit\u00e0 (individuali e collettive, geografiche ed esistenziali); si vuole dunque abbandonare la logica della chiusura e della negazione della libera circolazione, sia delle persone che dei loro pensieri.<\/p>\n<p><em>\u201cBen vengano le risorse pubbliche quando si tratta di ricordare momenti che hanno contribuito all\u2019Unione europea<\/em> \u2013 sottolinea <strong>Schifani<\/strong> -. <em>Celebreremo questo momento non solo come memoria, ma come rilancio di una visione europeista. I temi dell\u2019Europa unita e di una difesa comune sono tornati centrali in un momento di destabilizzazione e preoccupazione per gli equilibri internazionali: abbiamo uno scenario estremamente fluido, che accresce in me le preoccupazioni e l\u2019idea che l\u2019Europa debba non correre al riarmo ma quantomeno alla difesa comune\u201d.<\/em><\/p>\n<p>L\u2019appuntamento di Messina e Taormina, secondo il presidente della Regione, pu\u00f2 essere fondamentale per ritrovare coesione e unit\u00e0 di intenti: <em>\u201cCi siamo sempre appoggiati alla Nato, ma nel momento in cui questa certezza viene meno \u00e8 dovere dell\u2019Europa rincorrere quest\u2019aspetto: siamo partiti dall\u2019unit\u00e0 monetaria e non dall\u2019unit\u00e0 sociale e istituzionale, perch\u00e9 poi ogni paese \u00e8 rimasto autonomo. Oggi l\u2019essere partiti con l\u2019euro per poi fermarsi lo paghiamo, perch\u00e9 alcune strategie che andavano adottate non sono mai state poste in essere perch\u00e9 ogni paese ha attivato politiche europee diverse l\u2019una rispetto all\u2019altra: mi auguro che da Messina e Taormina arrivi un cambio di passo in direzione di un\u2019Europa pi\u00f9 unita, concreta e coesa, che trovi una sintesi politica ed economica in uno scenario internazionale in continua evoluzione. Abbiamo sempre creduto nell\u2019europeismo e continuiamo a crederci, penso comunque che ci siano momenti topici in cui occorre fare una messa a punto e capire che Europa vogliamo e come adeguarci ai mutamenti: mi auguro che mettere insieme i ministri degli Esteri possa stimolare una riflessione comune, io da padrone di casa li stimoler\u00f2 a confrontarsi. \u00c8 giunto il momento di parlare in termini pi\u00f9 concreti di un\u2019Unione europea reale e non solo politica o finanziaria\u201d.<\/em><\/p>\n<p>Nel tracciare un parallelismo tra 1955 e 2025, Tajani ricorda come<em> \u201csettant\u2019anni fa la conferenza di Messina e Taormina fu un passaggio centrale nel processo di costruzione dell\u2019Europa unita, un momento fondativo legato in modo indissolubile all\u2019Italia e alla Sicilia. Per dare giusto risalto a questo momento decisivo nella storia europea ho voluto invitare i rappresentati dei 27 Stati membri e tutti i paesi candidati all\u2019adesione: ringrazio calorosamente Schifani e tutti coloro che stanno collaborando da tempo al successo di quest\u2019appuntamento. Da Messina prese slancio un percorso che rischiava di incagliarsi, anche noi vogliamo ripartire da quegli stessi luoghi per un futuro europeo di pace, libert\u00e0 e crescita: vogliamo farlo insieme a chi guarda a noi per la riunificazione dell\u2019Europa, a cominciare dall\u2019adesione dei paesi balcanici che per noi \u00e8 un investimento strategico in sicurezza, sviluppo economico e valori. Oggi come allora ci confrontiamo con sfide esistenziali: guerre, terrorismo, pressioni migratorie, protezionismo, disuguaglianze sociali ed economiche; insieme supereremo tutte queste sfide, ne sono certo. L\u2019Unione europea deve essere motore di crescita, nel segno di riforme ormai urgenti come quelle istituzionali, del completamento del mercato unico e della difesa, mantenendo sempre la persona al centro\u201d.<\/em><\/p>\n<p>Gli fa eco <strong>Ferrara<\/strong>, secondo cui <em>\u201cil desiderio di una profonda riflessione sul destino dell\u2019Europa \u00e8 centrale nelle nostre celebrazioni: accogliere i ministri degli Esteri o i loro rappresentanti in una sede cos\u00ec importante rinsalda la centralit\u00e0 della Sicilia nel dibattito internazionale e ci pone davanti a una sfida. I temi che affronteremo sono tutti urgenti nell\u2019agenda europea: l\u2019iniziativa culminer\u00e0 nella relazione della Carta di Taormina, che determiner\u00e0 il futuro dell\u2019Europa\u201d.<\/em><\/p>\n<p>Per quanto riguarda il programma del 70esimo anniversario della Conferenza, spiega,<em> \u201cle celebrazioni si apriranno il 18 giugno a Messina, a Palazzo Zanca, con la presenza dei ministri degli Esteri dell\u2019ex Ceca e di Polonia, Cipro e Malta: poi ci sposteremo a Taormina, dove a dare il benvenuto alle istituzioni presenti sar\u00e0 l\u2019Orchestra sinfonica siciliana al Teatro antico. L\u2019evento centrale sar\u00e0 la sessione ministeriale del 19 giugno, che vedr\u00e0 la partecipazione dei 36 rappresentanti dei paesi europei per discutere del futuro dell\u2019Unione; a seguire ci saranno una serie di panel e tavole rotonde sui temi chiave dell\u2019Europa unita e del Mediterraneo allargato. Il 20 giugno chiuderemo con altri due panel, uno sull\u2019integrazione politica e l\u2019altro sugli impatti economici e istituzionali che questa ha\u201d<\/em>.<\/p>\n<p>Tra le iniziative previste nel programma di Taobuk c\u2019\u00e8 invece la consegna del premio Strega, la cui finale si terr\u00e0 il 20 giugno: i candidati sono Alessandro Aresu con Geopolitica dell\u2019intelligenza artificiale (Feltrinelli), Anna Foa con Il suicidio di Israele (Laterza), Vittorio Lingiardi con Corpo, umano (Einaudi), Simone Pieranni con 2100. Come sar\u00e0 l\u2019Asia, come saremo noi (Mondadori) e Luigi Zoja con Narrare l\u2019Italia. Dal vertice del mondo al Novecento (Bollati Boringhieri).<\/p>\n<p>Al Gala del 21 giugno, che si svolger\u00e0 al Teatro antico di Taormina, prenderanno parte tra gli altri gli attori Monica Guerritore, Pierfrancesco Favino e Whoopi Goldberg, il regista Gabriele Salvatores, gli scrittori Peter Cameron, Javier Cercas, Amelie Nothomb, Zadie Smith e Susanna Tamaro, il soprano Jessica Pratt, il pianista Ramin Bahrami e il ballerino dell\u2019Opera di Parigi Andrea Sarri.<\/p>\n<p>\u2013 Foto xd8\/Italpress \u2013<\/p>\n<p>(ITALPRESS)<\/p>\n<\/div>\n","protected":false},"excerpt":{"rendered":"<p>PALERMO (ITALPRESS) \u2013 Due citt\u00e0 siciliane che per sei giorni si trasformano in epicentro culturale e di rilancio di un\u2019idea di Europa unita. Messina e Taormina si preparano a ospitare il 70esimo anniversario della conferenza degli ex paesi Ceca, svoltasi proprio nelle due localit\u00e0, e la quindicesima edizione della kermesse culturale Taobuk: gli eventi, il [&hellip;]<\/p>\n","protected":false},"author":18,"featured_media":242224,"comment_status":"closed","ping_status":"closed","sticky":false,"template":"","format":"standard","meta":{"ub_ctt_via":"","_mi_skip_tracking":false},"categories":[6,2449],"tags":[783],"featured_image_src":"https:\/\/www.messinaoggi.it\/website\/wp-content\/uploads\/2025\/06\/schifani-taobuk.jpg","author_info":{"display_name":"Admin","author_link":"https:\/\/www.messinaoggi.it\/website\/author\/admin\/"},"digistream_id":0,"digistream":false,"_links":{"self":[{"href":"https:\/\/www.messinaoggi.it\/website\/wp-json\/wp\/v2\/posts\/242223"}],"collection":[{"href":"https:\/\/www.messinaoggi.it\/website\/wp-json\/wp\/v2\/posts"}],"about":[{"href":"https:\/\/www.messinaoggi.it\/website\/wp-json\/wp\/v2\/types\/post"}],"author":[{"embeddable":true,"href":"https:\/\/www.messinaoggi.it\/website\/wp-json\/wp\/v2\/users\/18"}],"replies":[{"embeddable":true,"href":"https:\/\/www.messinaoggi.it\/website\/wp-json\/wp\/v2\/comments?post=242223"}],"version-history":[{"count":1,"href":"https:\/\/www.messinaoggi.it\/website\/wp-json\/wp\/v2\/posts\/242223\/revisions"}],"predecessor-version":[{"id":242262,"href":"https:\/\/www.messinaoggi.it\/website\/wp-json\/wp\/v2\/posts\/242223\/revisions\/242262"}],"wp:featuredmedia":[{"embeddable":true,"href":"https:\/\/www.messinaoggi.it\/website\/wp-json\/wp\/v2\/media\/242224"}],"wp:attachment":[{"href":"https:\/\/www.messinaoggi.it\/website\/wp-json\/wp\/v2\/media?parent=242223"}],"wp:term":[{"taxonomy":"category","embeddable":true,"href":"https:\/\/www.messinaoggi.it\/website\/wp-json\/wp\/v2\/categories?post=242223"},{"taxonomy":"post_tag","embeddable":true,"href":"https:\/\/www.messinaoggi.it\/website\/wp-json\/wp\/v2\/tags?post=242223"}],"curies":[{"name":"wp","href":"https:\/\/api.w.org\/{rel}","templated":true}]}}