{"id":242219,"date":"2025-06-06T16:09:29","date_gmt":"2025-06-06T14:09:29","guid":{"rendered":"https:\/\/www.messinaoggi.it\/website\/2025\/06\/06\/europei-di-scherma-a-genova-mazzone-italia-punta-sempre-a-vincere\/"},"modified":"2025-06-06T16:09:29","modified_gmt":"2025-06-06T14:09:29","slug":"europei-di-scherma-a-genova-mazzone-italia-punta-sempre-a-vincere","status":"publish","type":"post","link":"https:\/\/www.messinaoggi.it\/website\/2025\/06\/06\/europei-di-scherma-a-genova-mazzone-italia-punta-sempre-a-vincere\/","title":{"rendered":"Europei di scherma a Genova, Mazzone \u201cItalia punta sempre a vincere\u201d"},"content":{"rendered":"<div>GENOVA (ITALPRESS) &#8211; Sei giorni di eventi sportivi di altissimo livello, 450 atleti, oltre 2mila presenze complessive da pi\u00f9 di 40 nazioni, 18mila spettatori attesi. Sono i numeri degli Europei di scherma in programma al Waterfront di Levante di Genova da sabato 14 giugno a gioved\u00ec 19 giugno, presentati oggi della sede della Regione Liguria e realizzati sotto l&#8217;egida dell&#8217;European Fencing Confederation con il patrocinato da Coni e Sport e Salute. In cabina di regia, il comitato organizzatore locale presieduto da Beppe Costa che si avvale della collaborazione della Federazione Italiana Scherma. Testimonial di questa edizione degli Europei \u00e8 la pluricampionessa olimpica Valentina Vezzali. Con lei anche Bianca Del Carretto, Toni Terenzi, Michele Maffei, Benedetta Durando, Stefano Carozzo, Roberto Cirillo, Giacomo Falcini e Marco Pistacchi. &#8220;In Italia in questo momento e fino alle Olimpiadi di Cortina \u00e8 la manifestazione in assoluto pi\u00f9 importante &#8211; ha spiegato Luigi Mazzone, presidente della Federazione Italiana Scherma -. La nostra federazione \u00e8 la pi\u00f9 medagliata che c&#8217;\u00e8 in Italia. Avremo tutti i nostri olimpionici che hanno vinto le medaglie a Parigi, le squadre al gran completo e le nostre stelle. I ragazzi si stanno allenando, in questo momento ci sono gli Assoluti e la settimana prossima saremo qua&#8221;. Sono 28 gli schermidori che compongono la delegazione della scherma italiana. Quartetto base, lo stesso dell&#8217;argento olimpico  di Parigi 2024, per il fioretto maschile che schiera Guillaume Bianchi, Alessio Foconi, Filippo Macchi e Tommaso Marini il quale arriva da campione europeo e iridato in carica. Le fiorettiste convocate sono la campionessa uscente Arianna Errigo, Martina Favaretto, Anna Cristino, Martina Batini che garegger\u00e0 solo nell&#8217;individuale e l&#8217;iridata Alice Volpi che prender\u00e0 il suo posto nella prova a squadre. Staffette anche tra gli sciabolatori: doppio impegno per Luca Curatoli, Michele Gallo e Pietro Torre, solo competizione individuale per Dario Cavaliere mentre Matteo Neri gli subentrer\u00e0 nella prova a squadre. Nella sciabola femminile (dove \u00e8 out per infortunio Eloisa Passaro) le quattro prescelte sono Michela Battiston, Chiara Mormile, Manuela Spica e Mariella Viale. Indicata come riserva Alessia Di Carlo. La spada maschile punta su cinque elementi: Davide Di Veroli, Matteo Galassi, Andrea Santarelli, Valerio Cuomo (che disputer\u00e0 solo la prova individuale) e Gianpaolo Buzzacchino (che sar\u00e0 invece impiegato soltanto a squadre). Tra le spadiste, infine, doppio impegno per Rossella Fiamingo, Giulia Rizzi e Alberta Santuccio. Individuale per Sara Maria Kowalczyk mentre Lucrezia Paulis garegger\u00e0 nella prova a squadre. La Liguria potr\u00e0 applaudire ben 12 medagliati olimpici. &#8220;Quando la Federazione Scherma scende in campo si punta sempre a vincere &#8211; aggiunge Mazzone -. Abbiamo dei campioni del mondo in carica, campioni  europei in carica. Anche se \u00e8 l&#8217;anno post-olimpico, io ho detto a tutti i tecnici che tengo tantissimo a far s\u00ec che questo sia un Europeo storico&#8221;. Le aspettative sono alte anche per quanto riguarda il pubblico: &#8220;La scherma si deve abituare a palcoscenici importanti &#8211; ha aggiunto il numero uno della Fis -. Non possiamo venir fuori solo una volta ogni quattro anni quando ci sono le Olimpiadi, o magari una volta all&#8217;anno quando ci sono i Mondiali o gli Europei. Dobbiamo abituare i nostri ragazzi, che poi sono quelli che veramente portano le medaglie allo sport italiano, a questi palcoscenici. Se i genovesi, tutti i liguri ma non solo verranno a vedere non se ne pentiranno perch\u00e8 la scherma non vale meno del tennis o del calcio, sar\u00e0 veramente un grande spettacolo&#8221;. Gare al via sabato 14 giugno con le eliminatorie di fioretto femminile e sciabola maschile dalle ore 9 presso il Jean Nouvel (Padiglione Blu), con la cerimonia d&#8217;apertura (17:45) e le fasi finali (18:15) presso il nuovo Palasport di Genova. <br \/>&#8211; Foto Comitato Organizzatore Genova 2025 &#8211;<br \/>(ITALPRESS).<\/div>\n<div id=\"div-gpt-ad-Messinaoggi.it-DSK-300x250-corpoart\" style=\"text-align:center;margin:0 auto;\"><\/div><\/p><div id=\"videoincontent\" style=\"clear:both\";><\/div>","protected":false},"excerpt":{"rendered":"<p>GENOVA (ITALPRESS) &#8211; Sei giorni di eventi sportivi di altissimo livello, 450 atleti, oltre 2mila presenze complessive da pi\u00f9 di 40 nazioni, 18mila spettatori attesi. Sono i numeri degli Europei di scherma in programma al Waterfront di Levante di Genova da sabato 14 giugno a gioved\u00ec 19 giugno, presentati oggi della sede della Regione Liguria [&hellip;]<\/p>\n","protected":false},"author":18,"featured_media":242220,"comment_status":"closed","ping_status":"closed","sticky":false,"template":"","format":"standard","meta":{"ub_ctt_via":"","_mi_skip_tracking":false},"categories":[446],"tags":[783],"featured_image_src":"https:\/\/www.messinaoggi.it\/website\/wp-content\/uploads\/2025\/06\/20250606_0630.jpg","author_info":{"display_name":"Admin","author_link":"https:\/\/www.messinaoggi.it\/website\/author\/admin\/"},"digistream_id":0,"digistream":false,"_links":{"self":[{"href":"https:\/\/www.messinaoggi.it\/website\/wp-json\/wp\/v2\/posts\/242219"}],"collection":[{"href":"https:\/\/www.messinaoggi.it\/website\/wp-json\/wp\/v2\/posts"}],"about":[{"href":"https:\/\/www.messinaoggi.it\/website\/wp-json\/wp\/v2\/types\/post"}],"author":[{"embeddable":true,"href":"https:\/\/www.messinaoggi.it\/website\/wp-json\/wp\/v2\/users\/18"}],"replies":[{"embeddable":true,"href":"https:\/\/www.messinaoggi.it\/website\/wp-json\/wp\/v2\/comments?post=242219"}],"version-history":[{"count":0,"href":"https:\/\/www.messinaoggi.it\/website\/wp-json\/wp\/v2\/posts\/242219\/revisions"}],"wp:featuredmedia":[{"embeddable":true,"href":"https:\/\/www.messinaoggi.it\/website\/wp-json\/wp\/v2\/media\/242220"}],"wp:attachment":[{"href":"https:\/\/www.messinaoggi.it\/website\/wp-json\/wp\/v2\/media?parent=242219"}],"wp:term":[{"taxonomy":"category","embeddable":true,"href":"https:\/\/www.messinaoggi.it\/website\/wp-json\/wp\/v2\/categories?post=242219"},{"taxonomy":"post_tag","embeddable":true,"href":"https:\/\/www.messinaoggi.it\/website\/wp-json\/wp\/v2\/tags?post=242219"}],"curies":[{"name":"wp","href":"https:\/\/api.w.org\/{rel}","templated":true}]}}