{"id":24218,"date":"2018-09-13T10:07:22","date_gmt":"2018-09-13T08:07:22","guid":{"rendered":"http:\/\/www.messinaoggi.it\/website\/?p=24218"},"modified":"2018-09-13T10:07:22","modified_gmt":"2018-09-13T08:07:22","slug":"articolo-uno-mdp-messina-verso-la-strutturazione","status":"publish","type":"post","link":"https:\/\/www.messinaoggi.it\/website\/2018\/09\/13\/articolo-uno-mdp-messina-verso-la-strutturazione\/","title":{"rendered":"Articolo Uno-Mdp Messina verso la strutturazione"},"content":{"rendered":"<p class=\"p1\" style=\"text-align: justify;\"><span class=\"s1\">Presso il Saloncino della Ex Federazione DS di Messina, alla presenza dell\u2019on Guglielmo Epifani, si \u00e8 tenuta la Conferenza Provinciale di Articolo Uno MDP.<\/span><div id=\"div-gpt-ad-Messinaoggi.it-DSK-300x250-corpoart\" style=\"text-align:center;margin:0 auto;\"><\/div><\/p>\n<p class=\"p1\" style=\"text-align: justify;\"><span class=\"s1\">Nel corso della conferenza \u00e8 stato dibattuto e approvato il documento nazionale che impegna il movimento verso la strutturazione di Liberi e Uguali entro l\u2019anno.<\/span><div id=\"videoincontent\" style=\"clear:both\";><\/div><\/p>\n<p class=\"p1\" style=\"text-align: justify;\"><span class=\"s1\">Si \u00e8 proceduto quindi alla elezione del Coordinamento Provinciale, rappresentativo di tutti i territori, e del Coordinatore Provinciale. All\u2019unanimit\u00e0 \u00e8 stato eletto Domenico Siracusano, che aveva gi\u00e0 guidato il movimento nella fase costituente.<\/span><\/p>\n<p class=\"p1\" style=\"text-align: justify;\"><span class=\"s1\">Sono stati inoltre designati i delegati alla Conferenza Regionale (Federico Amalfa, Giuseppe Arena, Giuseppe Franco,Luigi Savoja, Maria Flavia Timbro) e alla Conferenza Nazionale (Elisa Fiorentino, Antonello Merlo, Domenico Siracusano, Gabriele Siracusano, Maria Flavia Timbro).<\/span><\/p>\n<p class=\"p1\" style=\"text-align: justify;\"><span class=\"s1\">Articolo Uno MDP continuer\u00e0 nei prossimi mesi il proprio tesseramento e intende impegnarsi in un lavoro di aggregazione e confronto di tutte le forze della sinistra diffusa e del civismo progressista.<\/span><\/p>\n","protected":false},"excerpt":{"rendered":"<p>Presso il Saloncino della Ex Federazione DS di Messina, alla presenza dell\u2019on Guglielmo Epifani, si \u00e8 tenuta la Conferenza Provinciale di Articolo Uno MDP. Nel corso della conferenza \u00e8 stato dibattuto e approvato il documento nazionale che impegna il movimento verso la strutturazione di Liberi e Uguali entro l\u2019anno. Si \u00e8 proceduto quindi alla elezione [&hellip;]<\/p>\n","protected":false},"author":2,"featured_media":24219,"comment_status":"closed","ping_status":"open","sticky":false,"template":"","format":"standard","meta":{"ub_ctt_via":"","_mi_skip_tracking":false},"categories":[4],"tags":[],"featured_image_src":"https:\/\/www.messinaoggi.it\/website\/wp-content\/uploads\/2018\/09\/IMG_20180612_003416.jpg","author_info":{"display_name":"Redazione","author_link":"https:\/\/www.messinaoggi.it\/website\/author\/redazione\/"},"digistream_id":0,"digistream":false,"_links":{"self":[{"href":"https:\/\/www.messinaoggi.it\/website\/wp-json\/wp\/v2\/posts\/24218"}],"collection":[{"href":"https:\/\/www.messinaoggi.it\/website\/wp-json\/wp\/v2\/posts"}],"about":[{"href":"https:\/\/www.messinaoggi.it\/website\/wp-json\/wp\/v2\/types\/post"}],"author":[{"embeddable":true,"href":"https:\/\/www.messinaoggi.it\/website\/wp-json\/wp\/v2\/users\/2"}],"replies":[{"embeddable":true,"href":"https:\/\/www.messinaoggi.it\/website\/wp-json\/wp\/v2\/comments?post=24218"}],"version-history":[{"count":0,"href":"https:\/\/www.messinaoggi.it\/website\/wp-json\/wp\/v2\/posts\/24218\/revisions"}],"wp:featuredmedia":[{"embeddable":true,"href":"https:\/\/www.messinaoggi.it\/website\/wp-json\/wp\/v2\/media\/24219"}],"wp:attachment":[{"href":"https:\/\/www.messinaoggi.it\/website\/wp-json\/wp\/v2\/media?parent=24218"}],"wp:term":[{"taxonomy":"category","embeddable":true,"href":"https:\/\/www.messinaoggi.it\/website\/wp-json\/wp\/v2\/categories?post=24218"},{"taxonomy":"post_tag","embeddable":true,"href":"https:\/\/www.messinaoggi.it\/website\/wp-json\/wp\/v2\/tags?post=24218"}],"curies":[{"name":"wp","href":"https:\/\/api.w.org\/{rel}","templated":true}]}}