{"id":242173,"date":"2025-06-06T09:40:33","date_gmt":"2025-06-06T07:40:33","guid":{"rendered":"http:\/\/www.messinaoggi.it\/website\/?p=242173"},"modified":"2025-06-06T09:40:37","modified_gmt":"2025-06-06T07:40:37","slug":"romagnoli-ap-bene-il-decreto-sicurezza","status":"publish","type":"post","link":"https:\/\/www.messinaoggi.it\/website\/2025\/06\/06\/romagnoli-ap-bene-il-decreto-sicurezza\/","title":{"rendered":"Romagnoli (AP): &#8220;Bene il decreto sicurezza&#8221;"},"content":{"rendered":"\n<p>Massimo Romagnoli, Responsabile degli Italiani nel Mondo per Alternativa Popolare, ha accolto con favore l\u2019approvazione del nuovo <strong>Decreto Sicurezza<\/strong>, recante disposizioni urgenti in materia di sicurezza pubblica, di tutela del personale in servizio, nonch\u00e9 di vittime dell\u2019usura e di ordinamento penitenziario, sottolineando l&#8217;importanza delle misure introdotte per garantire la sicurezza pubblica e la tutela delle forze dell&#8217;ordine.<div id=\"div-gpt-ad-Messinaoggi.it-DSK-300x250-corpoart\" style=\"text-align:center;margin:0 auto;\"><\/div><\/p>\n\n\n\n<p>&#8220;Il Decreto Sicurezza rappresenta un passo fondamentale per rafforzare la legalit\u00e0 e proteggere i cittadini onesti. Le nuove disposizioni offrono strumenti efficaci per contrastare la criminalit\u00e0 e garantire maggiore serenit\u00e0 alle nostre comunit\u00e0, sia in Italia che all&#8217;estero,&#8221;  afferma Romagnoli.<div id=\"videoincontent\" style=\"clear:both\";><\/div><\/p>\n","protected":false},"excerpt":{"rendered":"<p>Massimo Romagnoli, Responsabile degli Italiani nel Mondo per Alternativa Popolare, ha accolto con favore l\u2019approvazione del nuovo Decreto Sicurezza, recante disposizioni urgenti in materia di sicurezza pubblica, di tutela del personale in servizio, nonch\u00e9 di vittime dell\u2019usura e di ordinamento penitenziario, sottolineando l&#8217;importanza delle misure introdotte per garantire la sicurezza pubblica e la tutela delle [&hellip;]<\/p>\n","protected":false},"author":2,"featured_media":242174,"comment_status":"open","ping_status":"open","sticky":false,"template":"","format":"standard","meta":{"ub_ctt_via":"","_mi_skip_tracking":false},"categories":[4],"tags":[],"featured_image_src":"https:\/\/www.messinaoggi.it\/website\/wp-content\/uploads\/2025\/06\/Massimo-Romagnoli-2.jpg","author_info":{"display_name":"Redazione","author_link":"https:\/\/www.messinaoggi.it\/website\/author\/redazione\/"},"digistream_id":0,"digistream":false,"_links":{"self":[{"href":"https:\/\/www.messinaoggi.it\/website\/wp-json\/wp\/v2\/posts\/242173"}],"collection":[{"href":"https:\/\/www.messinaoggi.it\/website\/wp-json\/wp\/v2\/posts"}],"about":[{"href":"https:\/\/www.messinaoggi.it\/website\/wp-json\/wp\/v2\/types\/post"}],"author":[{"embeddable":true,"href":"https:\/\/www.messinaoggi.it\/website\/wp-json\/wp\/v2\/users\/2"}],"replies":[{"embeddable":true,"href":"https:\/\/www.messinaoggi.it\/website\/wp-json\/wp\/v2\/comments?post=242173"}],"version-history":[{"count":1,"href":"https:\/\/www.messinaoggi.it\/website\/wp-json\/wp\/v2\/posts\/242173\/revisions"}],"predecessor-version":[{"id":242175,"href":"https:\/\/www.messinaoggi.it\/website\/wp-json\/wp\/v2\/posts\/242173\/revisions\/242175"}],"wp:featuredmedia":[{"embeddable":true,"href":"https:\/\/www.messinaoggi.it\/website\/wp-json\/wp\/v2\/media\/242174"}],"wp:attachment":[{"href":"https:\/\/www.messinaoggi.it\/website\/wp-json\/wp\/v2\/media?parent=242173"}],"wp:term":[{"taxonomy":"category","embeddable":true,"href":"https:\/\/www.messinaoggi.it\/website\/wp-json\/wp\/v2\/categories?post=242173"},{"taxonomy":"post_tag","embeddable":true,"href":"https:\/\/www.messinaoggi.it\/website\/wp-json\/wp\/v2\/tags?post=242173"}],"curies":[{"name":"wp","href":"https:\/\/api.w.org\/{rel}","templated":true}]}}