{"id":242157,"date":"2025-06-05T22:09:24","date_gmt":"2025-06-05T20:09:24","guid":{"rendered":"https:\/\/www.messinaoggi.it\/website\/2025\/06\/05\/dazi-tajani-credo-si-raggiungera-accordo-entro-luglio\/"},"modified":"2025-06-05T22:09:24","modified_gmt":"2025-06-05T20:09:24","slug":"dazi-tajani-credo-si-raggiungera-accordo-entro-luglio","status":"publish","type":"post","link":"https:\/\/www.messinaoggi.it\/website\/2025\/06\/05\/dazi-tajani-credo-si-raggiungera-accordo-entro-luglio\/","title":{"rendered":"Dazi, Tajani \u201cCredo si raggiunger\u00e0 accordo entro luglio\u201d"},"content":{"rendered":"<div>ROMA (ITALPRESS) &#8211; <em>&#8220;Credo che i dazi non convengono a nessuno, fanno danni a chi li fa e a chi li subisce. <strong>Credo che si raggiunger\u00e0 un accordo entro luglio,<\/strong> i colloqui non stanno andando male. Gli americani hanno ragione sul disavanzo commerciale, siccome per noi europei il mercato americano \u00e8 importante, credo che dobbiamo investire di pi\u00f9 negli Usa, comprare pi\u00f9 prodotti e contemporaneamente continuare ad esportare. Credo che questo possa essere un buon accordo&#8221;.<\/em> Lo afferma <strong>Antonio Tajani, vicepremier e ministro degli Affari Esteri, in occasione del &#8220;Giorno de La Verit\u00e0&#8221;.<\/strong><div id=\"div-gpt-ad-Messinaoggi.it-DSK-300x250-corpoart\" style=\"text-align:center;margin:0 auto;\"><\/div><\/p>\n<p>&#8211; Foto: Ipa Agency &#8211;<div id=\"videoincontent\" style=\"clear:both\";><\/div><\/p>\n<p>(ITALPRESS).<\/p><\/div>\n","protected":false},"excerpt":{"rendered":"<p>ROMA (ITALPRESS) &#8211; &#8220;Credo che i dazi non convengono a nessuno, fanno danni a chi li fa e a chi li subisce. Credo che si raggiunger\u00e0 un accordo entro luglio, i colloqui non stanno andando male. Gli americani hanno ragione sul disavanzo commerciale, siccome per noi europei il mercato americano \u00e8 importante, credo che dobbiamo [&hellip;]<\/p>\n","protected":false},"author":18,"featured_media":242158,"comment_status":"closed","ping_status":"closed","sticky":false,"template":"","format":"standard","meta":{"ub_ctt_via":"","_mi_skip_tracking":false},"categories":[446],"tags":[783],"featured_image_src":"https:\/\/www.messinaoggi.it\/website\/wp-content\/uploads\/2025\/06\/20250605_2731.jpg","author_info":{"display_name":"Admin","author_link":"https:\/\/www.messinaoggi.it\/website\/author\/admin\/"},"digistream_id":0,"digistream":false,"_links":{"self":[{"href":"https:\/\/www.messinaoggi.it\/website\/wp-json\/wp\/v2\/posts\/242157"}],"collection":[{"href":"https:\/\/www.messinaoggi.it\/website\/wp-json\/wp\/v2\/posts"}],"about":[{"href":"https:\/\/www.messinaoggi.it\/website\/wp-json\/wp\/v2\/types\/post"}],"author":[{"embeddable":true,"href":"https:\/\/www.messinaoggi.it\/website\/wp-json\/wp\/v2\/users\/18"}],"replies":[{"embeddable":true,"href":"https:\/\/www.messinaoggi.it\/website\/wp-json\/wp\/v2\/comments?post=242157"}],"version-history":[{"count":0,"href":"https:\/\/www.messinaoggi.it\/website\/wp-json\/wp\/v2\/posts\/242157\/revisions"}],"wp:featuredmedia":[{"embeddable":true,"href":"https:\/\/www.messinaoggi.it\/website\/wp-json\/wp\/v2\/media\/242158"}],"wp:attachment":[{"href":"https:\/\/www.messinaoggi.it\/website\/wp-json\/wp\/v2\/media?parent=242157"}],"wp:term":[{"taxonomy":"category","embeddable":true,"href":"https:\/\/www.messinaoggi.it\/website\/wp-json\/wp\/v2\/categories?post=242157"},{"taxonomy":"post_tag","embeddable":true,"href":"https:\/\/www.messinaoggi.it\/website\/wp-json\/wp\/v2\/tags?post=242157"}],"curies":[{"name":"wp","href":"https:\/\/api.w.org\/{rel}","templated":true}]}}