{"id":24213,"date":"2018-09-13T10:04:05","date_gmt":"2018-09-13T08:04:05","guid":{"rendered":"http:\/\/www.messinaoggi.it\/website\/?p=24213"},"modified":"2018-09-13T10:04:05","modified_gmt":"2018-09-13T08:04:05","slug":"de-luca-continua-a-insultare-ai-lavoratori-sbagliato-generalizzare","status":"publish","type":"post","link":"https:\/\/www.messinaoggi.it\/website\/2018\/09\/13\/de-luca-continua-a-insultare-ai-lavoratori-sbagliato-generalizzare\/","title":{"rendered":"De Luca continua a insultare lavoratori. Sbagliato generalizzare"},"content":{"rendered":"<p style=\"text-align: justify;\">I lavoratori comunali sono scarsi e rappresentano una zavorra. Il sindaco Cateno De Luca senza peli sulla lingua ieri sera in consiglio comunale. Il nuovo affondo del primo cittadino prende di mira il personale di Palazzo Zanca.<div id=\"div-gpt-ad-Messinaoggi.it-DSK-300x250-corpoart\" style=\"text-align:center;margin:0 auto;\"><\/div><\/p>\n<p style=\"text-align: justify;\">Un\u2019uscita che \u00e8 destinata a fare discutere perch\u00e9 De Luca, come al solito, spara nel mucchio generalizzando sul rendimento dei lavoratori. Siamo certi che oggi stesso arriver\u00e0 una \u201crobusta\u201d levata di scudi da parte dei sindacati che sono ai ferri corti con il primo cittadino.<div id=\"videoincontent\" style=\"clear:both\";><\/div><\/p>\n<p style=\"text-align: justify;\">Posto che alcuni dipendenti sono realmente scarsi, non \u00e8 giusto sparare nel mucchio e fare passare agli occhi dell\u2019opinione pubblica che tutto il personale di Palazzo Zanca sia da buttare.<\/p>\n<p style=\"text-align: justify;\">Non \u00e8 neanche giusto che il datore di lavoro, perch\u00e9 di questo si tratta, usi tali aggettivi per definire il rendimento dei suoi dipendenti. Ammesso che ci\u00f2 sia vero, ovvero che la totalit\u00e0 dei lavoratori sia scarsa, ci chiediamo con quale spirito gli stessi oggi si rechino al lavoro.<\/p>\n<p style=\"text-align: justify;\">Il sindaco, duole dirlo, quando si rende protagonista di simili uscite, sbaglia. Al contrario, De Luca dovrebbe cercare di spronarli al lavoro ma trovando metodi diversi. E\u2019 innegabile che da inizio luglio fra il sindaco e i dipendenti del Comune vi sia un braccio di ferro dopo la cancellazione degli inventivi voluti dall\u2019ex sindaco Renato Accorinti, ma ci\u00f2 non fa i bene della citt\u00e0.<\/p>\n<p style=\"text-align: justify;\">I lavoratori, anche se scarsi, vanno spinti a fare meglio altrimenti si corre il rischio che il proprio rendimento sia ancora pi\u00f9 scadente.<\/p>\n","protected":false},"excerpt":{"rendered":"<p>I lavoratori comunali sono scarsi e rappresentano una zavorra. Il sindaco Cateno De Luca senza peli sulla lingua ieri sera in consiglio comunale. Il nuovo affondo del primo cittadino prende di mira il personale di Palazzo Zanca. Un\u2019uscita che \u00e8 destinata a fare discutere perch\u00e9 De Luca, come al solito, spara nel mucchio generalizzando sul [&hellip;]<\/p>\n","protected":false},"author":2,"featured_media":24013,"comment_status":"closed","ping_status":"open","sticky":false,"template":"","format":"standard","meta":{"ub_ctt_via":"","_mi_skip_tracking":false},"categories":[19,6],"tags":[],"featured_image_src":"https:\/\/www.messinaoggi.it\/website\/wp-content\/uploads\/2018\/09\/de-luca-2.jpg","author_info":{"display_name":"Redazione","author_link":"https:\/\/www.messinaoggi.it\/website\/author\/redazione\/"},"digistream_id":0,"digistream":false,"_links":{"self":[{"href":"https:\/\/www.messinaoggi.it\/website\/wp-json\/wp\/v2\/posts\/24213"}],"collection":[{"href":"https:\/\/www.messinaoggi.it\/website\/wp-json\/wp\/v2\/posts"}],"about":[{"href":"https:\/\/www.messinaoggi.it\/website\/wp-json\/wp\/v2\/types\/post"}],"author":[{"embeddable":true,"href":"https:\/\/www.messinaoggi.it\/website\/wp-json\/wp\/v2\/users\/2"}],"replies":[{"embeddable":true,"href":"https:\/\/www.messinaoggi.it\/website\/wp-json\/wp\/v2\/comments?post=24213"}],"version-history":[{"count":0,"href":"https:\/\/www.messinaoggi.it\/website\/wp-json\/wp\/v2\/posts\/24213\/revisions"}],"wp:featuredmedia":[{"embeddable":true,"href":"https:\/\/www.messinaoggi.it\/website\/wp-json\/wp\/v2\/media\/24013"}],"wp:attachment":[{"href":"https:\/\/www.messinaoggi.it\/website\/wp-json\/wp\/v2\/media?parent=24213"}],"wp:term":[{"taxonomy":"category","embeddable":true,"href":"https:\/\/www.messinaoggi.it\/website\/wp-json\/wp\/v2\/categories?post=24213"},{"taxonomy":"post_tag","embeddable":true,"href":"https:\/\/www.messinaoggi.it\/website\/wp-json\/wp\/v2\/tags?post=24213"}],"curies":[{"name":"wp","href":"https:\/\/api.w.org\/{rel}","templated":true}]}}