{"id":24202,"date":"2018-09-12T17:01:27","date_gmt":"2018-09-12T15:01:27","guid":{"rendered":"http:\/\/www.messinaoggi.it\/website\/?p=24202"},"modified":"2018-09-12T17:01:27","modified_gmt":"2018-09-12T15:01:27","slug":"fondi-periferie-germana-daremo-battaglia-al-governo-nazionale","status":"publish","type":"post","link":"https:\/\/www.messinaoggi.it\/website\/2018\/09\/12\/fondi-periferie-germana-daremo-battaglia-al-governo-nazionale\/","title":{"rendered":"Fondi periferie, German\u00e0: &quot;Daremo battaglia al governo nazionale&quot;"},"content":{"rendered":"<p class=\"p1\"><span class=\"s1\">Ho manifestato sconcerto e disapprovazione sin dall\u2019inizio quando il governo al Senato \u00e8 intervenuto bloccando il bando per le periferie oltretutto gi\u00e0 in corso . Una norma che va soppressa al pi\u00f9 presto: solo nella mia Regione, la Sicilia, il danno complessivo \u00e8 quantificabile in 300 milioni di euro,davvero una follia per questo ho sottoscritto insieme a molti colleghi di forza Italia un emendamento al decreto milleproroghe per restituire il maltolto ai comuni italiani, \u00a0danneggiati dalla soppressione del fondo \u00a0destinato al recupero delle periferie. Si tratta di un provvedimento scellerato e profondamente ingiusto che contrasteremo con forza perch\u00e9 va esattamente nella direzione opposta a quella che andrebbe seguita. Le periferie necessitano di grande attenzione da parte del governo e dovrebbero essere una delle priorit\u00e0, da mettere in cima all\u2019agenda politica\u201d.<\/span><div id=\"div-gpt-ad-Messinaoggi.it-DSK-300x250-corpoart\" style=\"text-align:center;margin:0 auto;\"><\/div><\/p>\n<p class=\"p1\"><span class=\"s1\">Lo afferma, in una nota, Nino German\u00e0, deputato di Forza Italia.<\/span><div id=\"videoincontent\" style=\"clear:both\";><\/div><\/p>\n","protected":false},"excerpt":{"rendered":"<p>Ho manifestato sconcerto e disapprovazione sin dall\u2019inizio quando il governo al Senato \u00e8 intervenuto bloccando il bando per le periferie oltretutto gi\u00e0 in corso . Una norma che va soppressa al pi\u00f9 presto: solo nella mia Regione, la Sicilia, il danno complessivo \u00e8 quantificabile in 300 milioni di euro,davvero una follia per questo ho sottoscritto [&hellip;]<\/p>\n","protected":false},"author":2,"featured_media":1983,"comment_status":"closed","ping_status":"open","sticky":false,"template":"","format":"standard","meta":{"ub_ctt_via":"","_mi_skip_tracking":false},"categories":[6],"tags":[],"featured_image_src":"https:\/\/www.messinaoggi.it\/website\/wp-content\/uploads\/2017\/06\/Nino-Germana-4.jpg","author_info":{"display_name":"Redazione","author_link":"https:\/\/www.messinaoggi.it\/website\/author\/redazione\/"},"digistream_id":0,"digistream":false,"_links":{"self":[{"href":"https:\/\/www.messinaoggi.it\/website\/wp-json\/wp\/v2\/posts\/24202"}],"collection":[{"href":"https:\/\/www.messinaoggi.it\/website\/wp-json\/wp\/v2\/posts"}],"about":[{"href":"https:\/\/www.messinaoggi.it\/website\/wp-json\/wp\/v2\/types\/post"}],"author":[{"embeddable":true,"href":"https:\/\/www.messinaoggi.it\/website\/wp-json\/wp\/v2\/users\/2"}],"replies":[{"embeddable":true,"href":"https:\/\/www.messinaoggi.it\/website\/wp-json\/wp\/v2\/comments?post=24202"}],"version-history":[{"count":0,"href":"https:\/\/www.messinaoggi.it\/website\/wp-json\/wp\/v2\/posts\/24202\/revisions"}],"wp:featuredmedia":[{"embeddable":true,"href":"https:\/\/www.messinaoggi.it\/website\/wp-json\/wp\/v2\/media\/1983"}],"wp:attachment":[{"href":"https:\/\/www.messinaoggi.it\/website\/wp-json\/wp\/v2\/media?parent=24202"}],"wp:term":[{"taxonomy":"category","embeddable":true,"href":"https:\/\/www.messinaoggi.it\/website\/wp-json\/wp\/v2\/categories?post=24202"},{"taxonomy":"post_tag","embeddable":true,"href":"https:\/\/www.messinaoggi.it\/website\/wp-json\/wp\/v2\/tags?post=24202"}],"curies":[{"name":"wp","href":"https:\/\/api.w.org\/{rel}","templated":true}]}}