{"id":242010,"date":"2025-06-05T00:19:26","date_gmt":"2025-06-04T22:19:26","guid":{"rendered":"https:\/\/www.messinaoggi.it\/website\/2025\/06\/04\/tamajo-incontra-lambasciatore-della-slovenia-creiamo-legami-solidi-capaci-di-generare-sviluppo-e-occupazione\/"},"modified":"2025-06-05T09:19:20","modified_gmt":"2025-06-05T07:19:20","slug":"tamajo-incontra-lambasciatore-della-slovenia-creiamo-legami-solidi-capaci-di-generare-sviluppo-e-occupazione","status":"publish","type":"post","link":"https:\/\/www.messinaoggi.it\/website\/2025\/06\/05\/tamajo-incontra-lambasciatore-della-slovenia-creiamo-legami-solidi-capaci-di-generare-sviluppo-e-occupazione\/","title":{"rendered":"Tamajo incontra l\u2019ambasciatore della Slovenia \u201cCreiamo legami solidi capaci di generare sviluppo e occupazione\u201d"},"content":{"rendered":"<div>\n<p>PALERMO (ITALPRESS) \u2013 Si \u00e8 svolto, presso la sede di <strong>Confcommercio Palermo,<\/strong> un incontro <strong>istituzionale tra l\u2019Assessore regionale alle Attivit\u00e0 Produttive, Edy Tamajo, e l\u2019ambasciatore della Repubblica di Slovenia in Italia, Matja\u017e Longar.<\/strong> Alla riunione ha preso parte anche la<strong> presidente di Confcommercio Palermo, Patrizia Di Dio<\/strong>.<div id=\"div-gpt-ad-Messinaoggi.it-DSK-300x250-corpoart\" style=\"text-align:center;margin:0 auto;\"><\/div><\/p>\n<p>Durante il confronto si \u00e8 discusso di come rafforzare il dialogo tra la Sicilia e la Slovenia attraverso azioni concrete, scambi istituzionali e missioni mirate, in grado di generare reali occasioni di crescita per le imprese siciliane.<div id=\"videoincontent\" style=\"clear:both\";><\/div><\/p>\n<p><em>\u201cLa Slovenia \u00e8 un Paese altamente sviluppato in settori strategici come la logistica, la tecnologia, l\u2019industria manifatturiera e l\u2019innovazione<\/em> \u2013 ha dichiarato l\u2019Assessore Tamajo -. <em>Ma \u00e8 anche un mercato interessato all\u2019agroalimentare di qualit\u00e0, al turismo esperienziale e alla cultura mediterranea: qui la Sicilia pu\u00f2 offrire valore aggiunto, autenticit\u00e0 e competenze consolidate\u201d.<\/em><\/p>\n<p>Il dialogo ha messo in evidenza la possibilit\u00e0 di costruire partenariati intelligenti tra le imprese dei due territori, puntando su percorsi condivisi nel campo dell\u2019export, della formazione, dell\u2019energia sostenibile e delle filiere produttive ad alto contenuto identitario. <em>\u201cCrediamo nelle relazioni dirette e nella costruzione di percorsi operativi<\/em> \u2013 ha aggiunto Tamajo -. <em>Missioni mirate e ben strutturate sono lo strumento pi\u00f9 efficace per creare legami solidi tra territori e tessuti produttivi diversi, capaci di generare sviluppo e occupazione.\u201d<\/em><\/p>\n<p>L\u2019incontro si inserisce nel quadro delle iniziative promosse dall\u2019assessorato regionale per aprire nuove strade di collaborazione con i Paesi europei, valorizzando le specificit\u00e0 siciliane e costruendo ponti tra imprese, istituzioni e culture.<\/p>\n<p>L\u2019obiettivo di questo incontro in Sicilia \u00e8 quello di <em>\u201cintensificare le relazioni anche nel settore dell\u2019economia. Dobbiamo individuare settori dove si pu\u00f2 sviluppare un po\u2019 pi\u00f9 di collaborazione tra le imprese slovene, tra l\u2019economia slovena e le imprese siciliane\u201d.<\/em> Lo ha sottolineato <strong>all\u2019Italpress l\u2019ambasciatore della Repubblica di Slovenia<\/strong> in <strong>Italia, Matjaz Longar,<\/strong> al termine di un incontro con l\u2019assessore regionale alle Attivit\u00e0 produttive, Edy Tamajo, presso la sede di Confcommercio, a Palermo, alla presenza di imprenditori e presidenti di categorie produttive. A fare gli onori di casa la presidente di Confcommercio Palermo, Patrizia Di Dio, console onorario della Slovenia.<em> \u201cAbbiamo visto<\/em> \u2013 ha sottolineato l\u2019ambasciatore sloveno \u2013<em> che c\u2019\u00e8 tanta volont\u00e0, ci sono molte idee che possiamo sviluppare e naturalmente lavoreremo anche con le Camere di Commercio in Slovenia con altre istituzioni per vedere dove si possa sviluppare questa collaborazione. Sono molto soddisfatto per quest\u2019incontro\u201d.<\/em><\/p>\n<p>Tre giorni in visita ufficiale a Palermo per consolidare i buoni rapporti tra la Slovenia e la Sicilia e ipotizzare nuove sinergie nei settori turistico, culturale ed economico<strong>. Una visita, quella dell\u2019Ambasciatore sloveno in Italia Matja\u017e Longar,<\/strong> che si inserisce nel solco dei valori di dialogo e cooperazione promossi simbolicamente dal Presidente della Repubblica Sergio Mattarella, che in pi\u00f9 occasioni ha sottolineato il ruolo strategico dei rapporti con la Slovenia nel contesto europeo e l\u2019importanza della promozione del dialogo tra i popoli. Sicilia e Slovenia, oltretutto, condividono una forte vocazione alla valorizzazione turistica del territorio e alla promozione del patrimonio culturale, oltre a scambi di conoscenza nei settori dell\u2019innovazione tecnologica, dell\u2019energia, dell\u2019agroalimentare e della sostenibilit\u00e0 ambientale.<\/p>\n<p>La Slovenia, molto apprezzata per l\u2019offerta turistica green e per l\u2019efficienza dei servizi, guarda con interesse al fascino mediterraneo della Sicilia. \u201c<em>Una visita importante<\/em> \u2013 dice l\u2019Ambasciatore Longar \u2013 i<em>nserita nel pi\u00f9 generale percorso di collaborazione tra la Slovenia e l\u2019Italia del sud. Puntiamo anche a sviluppare i contatti con il mondo dell\u2019Universit\u00e0, della ricerca scientifica e dei giovani. Slovenia e Sicilia possono sfruttare le loro posizioni strategiche, il ricco patrimonio culturale e le economie diversificate per stabilire sinergie solide\u201d<\/em>. L\u2019Ambasciatore Matja\u017e Longar, accompagnato dal <strong>console onorario della Slovenia in Sicilia Patrizia Di Dio, \u00e8 sbarcato in Sicilia ieri, 3 giugno<\/strong>, con un fitto calendario di incontri con i vertici delle istituzioni e delle categorie produttive con l\u2019obiettivo di stimolare investimenti bilaterali e favorire scambi economici.<\/p>\n<p>Dopo la visita al Commissario dello Stato per la Sicilia, prefetto Ignazio Portelli, Longar ha incontrato gli assessori regionali all\u2019Energia e Ambiente Francesco Colianni, all\u2019Economia Alessandro Dagnino e alle Attivit\u00e0 Produttive Edy Tamajo alla presenza di imprenditori e presidenti di categorie produttive che lo hanno accolto nella sede di Confcommercio Palermo. E\u2019 stata anche ipotizzata l\u2019istituzione di una missione commerciale in Slovenia. Nell\u2019agenda di Longar anche l\u2019<strong>incontro con il sindaco di Palermo Roberto Lagalla a Villa Niscemi e con il presidente di Unioncamere Giuseppe Pace<\/strong>, in rappresentanza delle Camere di Commercio dell\u2019isola. La visita dell\u2019Ambasciatore Longar si concluder\u00e0 domani 5 giugno con una visita a Palazzo Reale, dove sar\u00e0 ricevuto dal vicepresidente vicario dell\u2019Ars Nuccio Di Paola, e al \u201cMuseo del Presente\u201d dedicato ai giudici F<strong>alcone e Borsellino.<\/strong><\/p>\n<p>-Foto ufficio stampa assessore Tamajo-<br \/>\n(ITALPRESS).<\/p>\n<\/div>\n","protected":false},"excerpt":{"rendered":"<p>PALERMO (ITALPRESS) \u2013 Si \u00e8 svolto, presso la sede di Confcommercio Palermo, un incontro istituzionale tra l\u2019Assessore regionale alle Attivit\u00e0 Produttive, Edy Tamajo, e l\u2019ambasciatore della Repubblica di Slovenia in Italia, Matja\u017e Longar. Alla riunione ha preso parte anche la presidente di Confcommercio Palermo, Patrizia Di Dio. Durante il confronto si \u00e8 discusso di come [&hellip;]<\/p>\n","protected":false},"author":18,"featured_media":242011,"comment_status":"closed","ping_status":"closed","sticky":false,"template":"","format":"standard","meta":{"ub_ctt_via":"","_mi_skip_tracking":false},"categories":[11,2449],"tags":[783],"featured_image_src":"https:\/\/www.messinaoggi.it\/website\/wp-content\/uploads\/2025\/06\/Tamajo-3.jpeg","author_info":{"display_name":"Admin","author_link":"https:\/\/www.messinaoggi.it\/website\/author\/admin\/"},"digistream_id":0,"digistream":false,"_links":{"self":[{"href":"https:\/\/www.messinaoggi.it\/website\/wp-json\/wp\/v2\/posts\/242010"}],"collection":[{"href":"https:\/\/www.messinaoggi.it\/website\/wp-json\/wp\/v2\/posts"}],"about":[{"href":"https:\/\/www.messinaoggi.it\/website\/wp-json\/wp\/v2\/types\/post"}],"author":[{"embeddable":true,"href":"https:\/\/www.messinaoggi.it\/website\/wp-json\/wp\/v2\/users\/18"}],"replies":[{"embeddable":true,"href":"https:\/\/www.messinaoggi.it\/website\/wp-json\/wp\/v2\/comments?post=242010"}],"version-history":[{"count":1,"href":"https:\/\/www.messinaoggi.it\/website\/wp-json\/wp\/v2\/posts\/242010\/revisions"}],"predecessor-version":[{"id":242053,"href":"https:\/\/www.messinaoggi.it\/website\/wp-json\/wp\/v2\/posts\/242010\/revisions\/242053"}],"wp:featuredmedia":[{"embeddable":true,"href":"https:\/\/www.messinaoggi.it\/website\/wp-json\/wp\/v2\/media\/242011"}],"wp:attachment":[{"href":"https:\/\/www.messinaoggi.it\/website\/wp-json\/wp\/v2\/media?parent=242010"}],"wp:term":[{"taxonomy":"category","embeddable":true,"href":"https:\/\/www.messinaoggi.it\/website\/wp-json\/wp\/v2\/categories?post=242010"},{"taxonomy":"post_tag","embeddable":true,"href":"https:\/\/www.messinaoggi.it\/website\/wp-json\/wp\/v2\/tags?post=242010"}],"curies":[{"name":"wp","href":"https:\/\/api.w.org\/{rel}","templated":true}]}}