{"id":24198,"date":"2018-09-12T14:51:57","date_gmt":"2018-09-12T12:51:57","guid":{"rendered":"http:\/\/www.messinaoggi.it\/website\/?p=24198"},"modified":"2018-09-12T14:51:57","modified_gmt":"2018-09-12T12:51:57","slug":"primo-giorno-di-scuola-de-luca-continua-con-i-blitz","status":"publish","type":"post","link":"https:\/\/www.messinaoggi.it\/website\/2018\/09\/12\/primo-giorno-di-scuola-de-luca-continua-con-i-blitz\/","title":{"rendered":"Primo giorno di scuola, De Luca continua i blitz"},"content":{"rendered":"<p style=\"text-align: justify;\">Dalla \u201cEnzo Drago\u201d al Verona-Trento, passando per il \u201cDomenico Savio\u201d e la \u201cMazzini-Gallo\u201d. Ennesima mattinata di blitz per il sindaco, Cateno De Luca, che ha visitato alcuni dei principali plessi scolastici cittadini. Quegli stessi plessi chiusi con l\u2019ordinanza di inizio agosto, ma adesso a poco a poco tutto \u00e8 pronto a partire, come sempre, come ogni anno. Al momento, per\u00f2, gli interventi sono fermi al palo, tra qualche settimana il dipartimento regionale di Protezione Civile avvier\u00e0 le risultanze di vulnerabilit\u00e0 sismica, al Comune spettano i progetti di adeguamento sismico e agli impianti antincendio, le pecche pi\u00f9 frequenti di cui soffrono le nostre scuole, cos\u00ec com\u2019\u00e8 ha evidenziato in modo impietoso lo screening eseguito il mese scorso.<div id=\"div-gpt-ad-Messinaoggi.it-DSK-300x250-corpoart\" style=\"text-align:center;margin:0 auto;\"><\/div><\/p>\n<p style=\"text-align: justify;\">Economicamente sar\u00e0 fondamentale l\u2019apporto del Governo regionale, le somme stanziate dal Decreto Milleproroghe gi\u00e0 ci sono. Intanto, per\u00f2, i genitori dovranno stringere i denti ancora per qualche mese, come sempre accaduto in questi anni, visto che in molti istituti saranno effettuati i turni pomeridiani. De Luca ha poi aggiunto: \u201cNon abbasseremo la guardia fino a quando non avremo la certezza dei tempi e degli strumenti per mettere in sicurezza tutti i plessi scolastici\u201d, ha scritto sulla sua pagina face book.<div id=\"videoincontent\" style=\"clear:both\";><\/div><\/p>\n","protected":false},"excerpt":{"rendered":"<p>Dalla \u201cEnzo Drago\u201d al Verona-Trento, passando per il \u201cDomenico Savio\u201d e la \u201cMazzini-Gallo\u201d. Ennesima mattinata di blitz per il sindaco, Cateno De Luca, che ha visitato alcuni dei principali plessi scolastici cittadini. Quegli stessi plessi chiusi con l\u2019ordinanza di inizio agosto, ma adesso a poco a poco tutto \u00e8 pronto a partire, come sempre, come [&hellip;]<\/p>\n","protected":false},"author":15,"featured_media":24199,"comment_status":"closed","ping_status":"open","sticky":false,"template":"","format":"standard","meta":{"ub_ctt_via":"","_mi_skip_tracking":false},"categories":[6],"tags":[],"featured_image_src":"https:\/\/www.messinaoggi.it\/website\/wp-content\/uploads\/2018\/09\/de-luca-3.jpg","author_info":{"display_name":"red.me","author_link":"https:\/\/www.messinaoggi.it\/website\/author\/red-me\/"},"digistream_id":0,"digistream":false,"_links":{"self":[{"href":"https:\/\/www.messinaoggi.it\/website\/wp-json\/wp\/v2\/posts\/24198"}],"collection":[{"href":"https:\/\/www.messinaoggi.it\/website\/wp-json\/wp\/v2\/posts"}],"about":[{"href":"https:\/\/www.messinaoggi.it\/website\/wp-json\/wp\/v2\/types\/post"}],"author":[{"embeddable":true,"href":"https:\/\/www.messinaoggi.it\/website\/wp-json\/wp\/v2\/users\/15"}],"replies":[{"embeddable":true,"href":"https:\/\/www.messinaoggi.it\/website\/wp-json\/wp\/v2\/comments?post=24198"}],"version-history":[{"count":0,"href":"https:\/\/www.messinaoggi.it\/website\/wp-json\/wp\/v2\/posts\/24198\/revisions"}],"wp:featuredmedia":[{"embeddable":true,"href":"https:\/\/www.messinaoggi.it\/website\/wp-json\/wp\/v2\/media\/24199"}],"wp:attachment":[{"href":"https:\/\/www.messinaoggi.it\/website\/wp-json\/wp\/v2\/media?parent=24198"}],"wp:term":[{"taxonomy":"category","embeddable":true,"href":"https:\/\/www.messinaoggi.it\/website\/wp-json\/wp\/v2\/categories?post=24198"},{"taxonomy":"post_tag","embeddable":true,"href":"https:\/\/www.messinaoggi.it\/website\/wp-json\/wp\/v2\/tags?post=24198"}],"curies":[{"name":"wp","href":"https:\/\/api.w.org\/{rel}","templated":true}]}}