{"id":241968,"date":"2025-06-03T18:09:21","date_gmt":"2025-06-03T16:09:21","guid":{"rendered":"https:\/\/www.messinaoggi.it\/website\/2025\/06\/03\/di-lorenzo-contro-norvegia-gara-fondamentale-per-il-mondiale\/"},"modified":"2025-06-03T18:09:21","modified_gmt":"2025-06-03T16:09:21","slug":"di-lorenzo-contro-norvegia-gara-fondamentale-per-il-mondiale","status":"publish","type":"post","link":"https:\/\/www.messinaoggi.it\/website\/2025\/06\/03\/di-lorenzo-contro-norvegia-gara-fondamentale-per-il-mondiale\/","title":{"rendered":"Di Lorenzo \u201cContro Norvegia gara fondamentale per il Mondiale\u201d"},"content":{"rendered":"<div>FIRENZE (ITALPRESS) &#8211; Quella contro la <strong>Norvegia<\/strong><em><strong> &#8220;sar\u00e0 una sfida fondamentale,<\/strong> il mister ce l&#8217;ha ricordato dal primo giorno, ma non servivano le sue parole. E&#8217; la prima partita ma \u00e8 subito fondamentale, sar\u00e0 una gara difficile, tosta, ci stiamo preparando al meglio perch\u00e8 sappiamo che molto della qualificazione passa da questa partita&#8221;.<\/em> <strong>Giovanni Di Lorenzo<\/strong> non ci gira troppo intorno: <strong>venerd\u00ec a Oslo l&#8217;Italia non pu\u00f2 sbagliare se non vuole subito complicarsi la vita nella corsa ai Mondiali del 2026.<\/strong><div id=\"div-gpt-ad-Messinaoggi.it-DSK-300x250-corpoart\" style=\"text-align:center;margin:0 auto;\"><\/div><\/p>\n<p>Il capitano del Napoli luned\u00ec non si \u00e8 allenato in gruppo ma rassicura tutti sulle sue condizioni: <em>&#8220;C&#8217;\u00e8 un problemino che mi porto dietro da un mesetto, oggi forse far\u00f2 ancora un po&#8217; di lavoro a parte ma per venerd\u00ec voglio esserci. E&#8217; vero che siamo a fine stagione, che le forze usate sono state tante ma quando sei qui \u00e8 bello indossare questa maglia, ed bello giocare questo tipo di partite&#8221;.<\/em><div id=\"videoincontent\" style=\"clear:both\";><\/div><\/p>\n<p>A questo proposito, in merito al no di Acerbi alla convocazione, per Di Lorenzo <em>&#8220;sono dinamiche e questioni personali. Io posso solo dire che stare qui \u00e8 un piacere, venire a giocare per l&#8217;Italia \u00e8 un onore. La maglia azzurra \u00e8 qualcosa pi\u00f9 alto di tutto&#8221;.<\/em><\/p>\n<p>Reduce da una grande stagione col <strong>Napoli<\/strong>, il difensore si toglie anche qualche sassolino dalla scarpa dopo le tante critiche ricevute l&#8217;estate scorsa durante gli Europei. <em>&#8220;Bisogna sempre trovare un capro espiatorio, l&#8217;anno scorso per voi ero io<\/em> &#8211; ha aggiunto riferendosi alla stampa &#8211;<em> Non mi sono mai sentito un giocatore finito, l&#8217;ho dimostrato quest&#8217;anno sul campo. Spalletti mi ha sempre dato fiducia perch\u00e8 sa quello che posso dare dentro e fuori dal campo&#8221;<\/em>.<\/p>\n<p>Infine, sull&#8217;annata vissuta col Napoli, chiosa: &#8220;<em>Gli scudetti vinti sono due soddisfazioni incredibili, due emozioni differenti. Questo \u00e8 stato ancora pi\u00f9 bello, \u00e8 stato lo scudetto della fatica, della sofferenza, del non mollare mai, siamo arrivati in fondo facendo qualcosa di straordinario se si pensa anche a quello che avevamo fatto la scorsa stagione&#8221;.<\/em><br \/>\n&#8211; foto Ipa Agency &#8211;<br \/>\n(ITALPRESS).<\/div>\n","protected":false},"excerpt":{"rendered":"<p>FIRENZE (ITALPRESS) &#8211; Quella contro la Norvegia &#8220;sar\u00e0 una sfida fondamentale, il mister ce l&#8217;ha ricordato dal primo giorno, ma non servivano le sue parole. E&#8217; la prima partita ma \u00e8 subito fondamentale, sar\u00e0 una gara difficile, tosta, ci stiamo preparando al meglio perch\u00e8 sappiamo che molto della qualificazione passa da questa partita&#8221;. Giovanni Di [&hellip;]<\/p>\n","protected":false},"author":18,"featured_media":241969,"comment_status":"closed","ping_status":"closed","sticky":false,"template":"","format":"standard","meta":{"ub_ctt_via":"","_mi_skip_tracking":false},"categories":[446],"tags":[783],"featured_image_src":"https:\/\/www.messinaoggi.it\/website\/wp-content\/uploads\/2025\/06\/20250603_0830.jpg","author_info":{"display_name":"Admin","author_link":"https:\/\/www.messinaoggi.it\/website\/author\/admin\/"},"digistream_id":0,"digistream":false,"_links":{"self":[{"href":"https:\/\/www.messinaoggi.it\/website\/wp-json\/wp\/v2\/posts\/241968"}],"collection":[{"href":"https:\/\/www.messinaoggi.it\/website\/wp-json\/wp\/v2\/posts"}],"about":[{"href":"https:\/\/www.messinaoggi.it\/website\/wp-json\/wp\/v2\/types\/post"}],"author":[{"embeddable":true,"href":"https:\/\/www.messinaoggi.it\/website\/wp-json\/wp\/v2\/users\/18"}],"replies":[{"embeddable":true,"href":"https:\/\/www.messinaoggi.it\/website\/wp-json\/wp\/v2\/comments?post=241968"}],"version-history":[{"count":0,"href":"https:\/\/www.messinaoggi.it\/website\/wp-json\/wp\/v2\/posts\/241968\/revisions"}],"wp:featuredmedia":[{"embeddable":true,"href":"https:\/\/www.messinaoggi.it\/website\/wp-json\/wp\/v2\/media\/241969"}],"wp:attachment":[{"href":"https:\/\/www.messinaoggi.it\/website\/wp-json\/wp\/v2\/media?parent=241968"}],"wp:term":[{"taxonomy":"category","embeddable":true,"href":"https:\/\/www.messinaoggi.it\/website\/wp-json\/wp\/v2\/categories?post=241968"},{"taxonomy":"post_tag","embeddable":true,"href":"https:\/\/www.messinaoggi.it\/website\/wp-json\/wp\/v2\/tags?post=241968"}],"curies":[{"name":"wp","href":"https:\/\/api.w.org\/{rel}","templated":true}]}}