{"id":241868,"date":"2025-06-02T21:08:35","date_gmt":"2025-06-02T19:08:35","guid":{"rendered":"https:\/\/www.messinaoggi.it\/website\/2025\/06\/02\/gaza-crosetto-netanyahu-fermi-gli-attacchi-e-inizi-percorso-diverso\/"},"modified":"2025-06-02T21:08:35","modified_gmt":"2025-06-02T19:08:35","slug":"gaza-crosetto-netanyahu-fermi-gli-attacchi-e-inizi-percorso-diverso","status":"publish","type":"post","link":"https:\/\/www.messinaoggi.it\/website\/2025\/06\/02\/gaza-crosetto-netanyahu-fermi-gli-attacchi-e-inizi-percorso-diverso\/","title":{"rendered":"Gaza, Crosetto \u201cNetanyahu fermi gli attacchi e inizi percorso diverso\u201d"},"content":{"rendered":"<div>ROMA (ITALPRESS) &#8211; Se il conflitto in Medio Oriente non si \u00e8 allargato fino ad adesso &#8220;non si allargher\u00e0. I Paesi arabi si stanno muovendo moltissimo, si sono sempre mossi in questi mesi, in questi anni, portando aiuti umanitari, cercando di trovare anche l\u00ec tavoli per costruire una tregua. Io penso che potremmo essere vicini al fatto che Netanyahu cessi con queste azioni che stanno superando limiti e sono condannate anche dagli amici stessi di Israele. La pressione occidentale pu\u00f2 portare a una tregua e la tregua pu\u00f2 portare alla costruzione di uno Stato dove possano vivere in pace e avere un futuro i palestinesi solo se c&#8217;\u00e8 l&#8217;impegno di tutto il mondo arabo&#8221;. Lo ha detto il ministro della Difesa, Guido Crosetto, ospite di &#8220;Cinque Minuti&#8221;, in onda stasera su Rai1, rispondendo a una domanda su Gaza.<br \/>&#8220;Questo percorso \u00e8 stato fatto, anche se con difficolt\u00e0 in questi anni, portato avanti dal consesso delle nazioni. Vale per Gaza quello che vale per l&#8217;Ucraina, \u00e8 tutto nelle mani di una persona, per l&#8217;Ucraina quelle di Putin, per quello che succede a Gaza quelle di Netanyahu, sta a loro chiudere l&#8217;interruttore degli attacchi e iniziare un percorso diverso&#8221;, ha concluso Crosetto.<div id=\"div-gpt-ad-Messinaoggi.it-DSK-300x250-corpoart\" style=\"text-align:center;margin:0 auto;\"><\/div><\/p>\n<p>&#8211; Foto IPA Agency &#8211;<div id=\"videoincontent\" style=\"clear:both\";><\/div><\/p>\n<p>(ITALPRESS).<\/p><\/div>\n","protected":false},"excerpt":{"rendered":"<p>ROMA (ITALPRESS) &#8211; Se il conflitto in Medio Oriente non si \u00e8 allargato fino ad adesso &#8220;non si allargher\u00e0. I Paesi arabi si stanno muovendo moltissimo, si sono sempre mossi in questi mesi, in questi anni, portando aiuti umanitari, cercando di trovare anche l\u00ec tavoli per costruire una tregua. Io penso che potremmo essere vicini [&hellip;]<\/p>\n","protected":false},"author":18,"featured_media":241869,"comment_status":"closed","ping_status":"closed","sticky":false,"template":"","format":"standard","meta":{"ub_ctt_via":"","_mi_skip_tracking":false},"categories":[446],"tags":[783],"featured_image_src":"https:\/\/www.messinaoggi.it\/website\/wp-content\/uploads\/2025\/06\/20250602_1176.jpg","author_info":{"display_name":"Admin","author_link":"https:\/\/www.messinaoggi.it\/website\/author\/admin\/"},"digistream_id":0,"digistream":false,"_links":{"self":[{"href":"https:\/\/www.messinaoggi.it\/website\/wp-json\/wp\/v2\/posts\/241868"}],"collection":[{"href":"https:\/\/www.messinaoggi.it\/website\/wp-json\/wp\/v2\/posts"}],"about":[{"href":"https:\/\/www.messinaoggi.it\/website\/wp-json\/wp\/v2\/types\/post"}],"author":[{"embeddable":true,"href":"https:\/\/www.messinaoggi.it\/website\/wp-json\/wp\/v2\/users\/18"}],"replies":[{"embeddable":true,"href":"https:\/\/www.messinaoggi.it\/website\/wp-json\/wp\/v2\/comments?post=241868"}],"version-history":[{"count":0,"href":"https:\/\/www.messinaoggi.it\/website\/wp-json\/wp\/v2\/posts\/241868\/revisions"}],"wp:featuredmedia":[{"embeddable":true,"href":"https:\/\/www.messinaoggi.it\/website\/wp-json\/wp\/v2\/media\/241869"}],"wp:attachment":[{"href":"https:\/\/www.messinaoggi.it\/website\/wp-json\/wp\/v2\/media?parent=241868"}],"wp:term":[{"taxonomy":"category","embeddable":true,"href":"https:\/\/www.messinaoggi.it\/website\/wp-json\/wp\/v2\/categories?post=241868"},{"taxonomy":"post_tag","embeddable":true,"href":"https:\/\/www.messinaoggi.it\/website\/wp-json\/wp\/v2\/tags?post=241868"}],"curies":[{"name":"wp","href":"https:\/\/api.w.org\/{rel}","templated":true}]}}