{"id":241834,"date":"2025-06-02T11:08:38","date_gmt":"2025-06-02T09:08:38","guid":{"rendered":"https:\/\/www.messinaoggi.it\/website\/2025\/06\/02\/meloni-essere-italiani-vuol-dire-appartenere-a-qualcosa-di-grande\/"},"modified":"2025-06-02T11:08:38","modified_gmt":"2025-06-02T09:08:38","slug":"meloni-essere-italiani-vuol-dire-appartenere-a-qualcosa-di-grande","status":"publish","type":"post","link":"https:\/\/www.messinaoggi.it\/website\/2025\/06\/02\/meloni-essere-italiani-vuol-dire-appartenere-a-qualcosa-di-grande\/","title":{"rendered":"Meloni \u201cEssere italiani vuol dire appartenere a qualcosa di grande\u201d"},"content":{"rendered":"<div>ROMA (ITALPRESS) &#8211; &#8220;Il 2 giugno celebriamo la nascita della nostra Repubblica. Un giorno che ci ricorda chi siamo: un popolo fiero, capace di rialzarsi dopo le prove pi\u00f9 dure, tenendo saldi i valori della libert\u00e0, dell&#8217;unit\u00e0 e dell&#8217;identit\u00e0 nazionale.<br \/>\nCelebrare l&#8217;Italia oggi significa onorare chi ha dato la vita per difenderla, e chi ogni giorno la serve con coraggio, dedizione e silenzioso orgoglio. Essere italiani vuol dire appartenere a qualcosa di grande, che va difeso, amato, trasmesso. Buon 2 giugno a tutti. Viva l&#8217;Italia!&#8221;. Cos\u00ec su Faceook il presidente del Consiglio Giorgia Meloni.<div id=\"div-gpt-ad-Messinaoggi.it-DSK-300x250-corpoart\" style=\"text-align:center;margin:0 auto;\"><\/div><\/p>\n<p>foto: IPA Agency<div id=\"videoincontent\" style=\"clear:both\";><\/div><\/p>\n<p>(ITALPRESS).<\/p><\/div>\n","protected":false},"excerpt":{"rendered":"<p>ROMA (ITALPRESS) &#8211; &#8220;Il 2 giugno celebriamo la nascita della nostra Repubblica. Un giorno che ci ricorda chi siamo: un popolo fiero, capace di rialzarsi dopo le prove pi\u00f9 dure, tenendo saldi i valori della libert\u00e0, dell&#8217;unit\u00e0 e dell&#8217;identit\u00e0 nazionale. Celebrare l&#8217;Italia oggi significa onorare chi ha dato la vita per difenderla, e chi ogni [&hellip;]<\/p>\n","protected":false},"author":18,"featured_media":241835,"comment_status":"closed","ping_status":"closed","sticky":false,"template":"","format":"standard","meta":{"ub_ctt_via":"","_mi_skip_tracking":false},"categories":[446],"tags":[783],"featured_image_src":"https:\/\/www.messinaoggi.it\/website\/wp-content\/uploads\/2025\/06\/20250602_0081.jpg","author_info":{"display_name":"Admin","author_link":"https:\/\/www.messinaoggi.it\/website\/author\/admin\/"},"digistream_id":0,"digistream":false,"_links":{"self":[{"href":"https:\/\/www.messinaoggi.it\/website\/wp-json\/wp\/v2\/posts\/241834"}],"collection":[{"href":"https:\/\/www.messinaoggi.it\/website\/wp-json\/wp\/v2\/posts"}],"about":[{"href":"https:\/\/www.messinaoggi.it\/website\/wp-json\/wp\/v2\/types\/post"}],"author":[{"embeddable":true,"href":"https:\/\/www.messinaoggi.it\/website\/wp-json\/wp\/v2\/users\/18"}],"replies":[{"embeddable":true,"href":"https:\/\/www.messinaoggi.it\/website\/wp-json\/wp\/v2\/comments?post=241834"}],"version-history":[{"count":0,"href":"https:\/\/www.messinaoggi.it\/website\/wp-json\/wp\/v2\/posts\/241834\/revisions"}],"wp:featuredmedia":[{"embeddable":true,"href":"https:\/\/www.messinaoggi.it\/website\/wp-json\/wp\/v2\/media\/241835"}],"wp:attachment":[{"href":"https:\/\/www.messinaoggi.it\/website\/wp-json\/wp\/v2\/media?parent=241834"}],"wp:term":[{"taxonomy":"category","embeddable":true,"href":"https:\/\/www.messinaoggi.it\/website\/wp-json\/wp\/v2\/categories?post=241834"},{"taxonomy":"post_tag","embeddable":true,"href":"https:\/\/www.messinaoggi.it\/website\/wp-json\/wp\/v2\/tags?post=241834"}],"curies":[{"name":"wp","href":"https:\/\/api.w.org\/{rel}","templated":true}]}}