{"id":241817,"date":"2025-06-01T21:08:33","date_gmt":"2025-06-01T19:08:33","guid":{"rendered":"https:\/\/www.messinaoggi.it\/website\/2025\/06\/01\/spalletti-concentrato-su-oslo-ci-giochiamo-tanto\/"},"modified":"2025-06-01T21:08:33","modified_gmt":"2025-06-01T19:08:33","slug":"spalletti-concentrato-su-oslo-ci-giochiamo-tanto","status":"publish","type":"post","link":"https:\/\/www.messinaoggi.it\/website\/2025\/06\/01\/spalletti-concentrato-su-oslo-ci-giochiamo-tanto\/","title":{"rendered":"Spalletti concentrato su Oslo \u201cCi giochiamo tanto\u201d"},"content":{"rendered":"<div>FIRENZE (ITALPRESS) &#8211; <em>&#8220;Abbiamo tutte le possibilit\u00e0 e tutte le potenzialit\u00e0 per fare una grande gara ed \u00e8 quello che andremo a mettere in pratica&#8221;. <\/em>Inizier\u00e0 con la sfida contro la Norvegia, in programma venerd\u00ec a Oslo, l&#8217;avventura del girone di qualificazione ai Mondiali del 2026 dell&#8217;<strong>Italia<\/strong> guidata da Luciano <strong>Spalletti.<\/strong> Il ct, a Coverciano, ha gi\u00e0 iniziato a preparare prima la testa e poi le gambe degli uomini a sua disposizione, in una sfida che ha gi\u00e0 il sapore del dentro-fuori, visto che Haaland e compagni sono a punteggio pieno dopo due partite.<div id=\"div-gpt-ad-Messinaoggi.it-DSK-300x250-corpoart\" style=\"text-align:center;margin:0 auto;\"><\/div><\/p>\n<p><em>&#8220;In Norvegia, \u00e8 bene parlarsi chiaro, non \u00e8 una partita delle qualificazioni. A Olso ci giochiamo molto sul fatto se parteciperemo al Mondiale oppure no, lo sappiamo bene tutti, sia io che i calciatori, ce lo siamo detti gi\u00e0 nel primo incontro di ieri con Gigi Buffon presente. Dobbiamo andare ad assolvere questo compito che ci \u00e8 stato consegnato e portarlo a casa. Andiamo a ottenere questa qualificazione perch\u00e8 assolutamente per noi \u00e8 fondamentale&#8221;<\/em> ha aggiunto Spalletti. Grande stima per gli avversari.<div id=\"videoincontent\" style=\"clear:both\";><\/div><\/p>\n<p><em>&#8220;Questa Norvegia \u00e8 la migliore della sua storia. E&#8217; una squadra che ha sia qualit\u00e0 tecniche che fisiche e soprattutto nel reparto offensivo esprime molta della sua qualit\u00e0. Gioca un 4-3-3 un p\u00f2 spinto perch\u00e8 poi c&#8217;\u00e8 un esterno tipo Sorloth che viene a fare l&#8217;attaccante centrale, \u00e8 una squadra votata a un calcio offensivo, che nelle ultime gare ha ottenuto risultati e fatto prestazioni importanti&#8221;<\/em> ma <em>&#8220;noi abbiamo tutte le carte in regola per fare la nostra partita&#8221;<\/em>.<\/p>\n<p>Spalletti, che ha spiegato che la sua Nazionale ripartir\u00e0 dal 3-5-2, dovr\u00e0 fare a meno di Francesco Acerbi. <em>&#8220;Non ha risposto alla convocazione. E&#8217; una cosa di stamani, prendiamo atto e si va avanti. Ha ripensato a quello che \u00e8 successo intorno a lui. Io naturalmente lo avevo convocato perch\u00e8 pi\u00f9 volte ho detto che essendo il ct della Nazionale devo stare attento a quello che propone il campionato, l&#8217;ho chiamato soprattutto per quello che ha fatto vedere in questo periodo. E&#8217; vero, in precedenza c&#8217;erano state delle perplessit\u00e0 perch\u00e8 poi ci ricordiamo tutti che \u00e8 stato operato, che ha avuto dei problemi a livello fisico e via dicendo, ma volevo anche dare forza ai giocatori che abbiamo. Ora a me interessa andare a giocare questa partita e parlare di quelli che sono qui. Ci avevo parlato prima di convocarlo, ci eravamo sentiti prima. Poi ci sono stati dei messaggi e poi gli ho telefonato questa mattina. Motivi dietro il rifiuto? Non voglio pensare a niente, io devo fare bene le cose in base a ci\u00f2 che accade in campo. Non posso e non possiamo permetterci nessuna depressione, per cui si va fiduciosi a fare altre cose e altre scelte, sapendo di avere a che fare magari con calciatori anche pi\u00f9 forti di quelli che hanno deciso di non far parte della Nazionale&#8221;.<\/em><\/p>\n<p>Dal ct complimenti per il Napoli e per Conte (<em>&#8220;Hanno fatto qualcosa di straordinario, mi sono goduto la festa a distanza, ho pianto per due ore a vedere le immagini sul pullman&#8221;<\/em>), un pensiero per Carlo Ancelotti (<em>&#8220;La scelta del Brasile di puntare su di lui \u00e8 super corretta&#8221;<\/em>) e uno sui giocatori dell&#8217;Inter che attende a Coverciano:<em> &#8220;L&#8217;Inter ha fatto una grande stagione, ha lottato su tutti i fronti e secondo me va sottolineato pi\u00f9 il percorso che ha fatto e non gli ultimi risultati. Ai giocatori adesso \u00e8 crollato il mondo addosso, ma sono fortunati a poter venire qui e a concentrarsi su un obiettivo importante come quello di portare la nostra Nazionale ai Mondiali&#8221;.<\/em><\/p>\n<p>&#8211; Foto Ipa Agency &#8211;<\/p>\n<p>(ITALPRESS).<\/p><\/div>\n","protected":false},"excerpt":{"rendered":"<p>FIRENZE (ITALPRESS) &#8211; &#8220;Abbiamo tutte le possibilit\u00e0 e tutte le potenzialit\u00e0 per fare una grande gara ed \u00e8 quello che andremo a mettere in pratica&#8221;. Inizier\u00e0 con la sfida contro la Norvegia, in programma venerd\u00ec a Oslo, l&#8217;avventura del girone di qualificazione ai Mondiali del 2026 dell&#8217;Italia guidata da Luciano Spalletti. Il ct, a Coverciano, [&hellip;]<\/p>\n","protected":false},"author":18,"featured_media":241818,"comment_status":"closed","ping_status":"closed","sticky":false,"template":"","format":"standard","meta":{"ub_ctt_via":"","_mi_skip_tracking":false},"categories":[446],"tags":[783],"featured_image_src":"https:\/\/www.messinaoggi.it\/website\/wp-content\/uploads\/2025\/06\/20250601_1371.jpg","author_info":{"display_name":"Admin","author_link":"https:\/\/www.messinaoggi.it\/website\/author\/admin\/"},"digistream_id":0,"digistream":false,"_links":{"self":[{"href":"https:\/\/www.messinaoggi.it\/website\/wp-json\/wp\/v2\/posts\/241817"}],"collection":[{"href":"https:\/\/www.messinaoggi.it\/website\/wp-json\/wp\/v2\/posts"}],"about":[{"href":"https:\/\/www.messinaoggi.it\/website\/wp-json\/wp\/v2\/types\/post"}],"author":[{"embeddable":true,"href":"https:\/\/www.messinaoggi.it\/website\/wp-json\/wp\/v2\/users\/18"}],"replies":[{"embeddable":true,"href":"https:\/\/www.messinaoggi.it\/website\/wp-json\/wp\/v2\/comments?post=241817"}],"version-history":[{"count":0,"href":"https:\/\/www.messinaoggi.it\/website\/wp-json\/wp\/v2\/posts\/241817\/revisions"}],"wp:featuredmedia":[{"embeddable":true,"href":"https:\/\/www.messinaoggi.it\/website\/wp-json\/wp\/v2\/media\/241818"}],"wp:attachment":[{"href":"https:\/\/www.messinaoggi.it\/website\/wp-json\/wp\/v2\/media?parent=241817"}],"wp:term":[{"taxonomy":"category","embeddable":true,"href":"https:\/\/www.messinaoggi.it\/website\/wp-json\/wp\/v2\/categories?post=241817"},{"taxonomy":"post_tag","embeddable":true,"href":"https:\/\/www.messinaoggi.it\/website\/wp-json\/wp\/v2\/tags?post=241817"}],"curies":[{"name":"wp","href":"https:\/\/api.w.org\/{rel}","templated":true}]}}