{"id":241787,"date":"2025-06-01T12:08:33","date_gmt":"2025-06-01T10:08:33","guid":{"rendered":"https:\/\/www.messinaoggi.it\/website\/2025\/06\/01\/2-giugno-mattarella-attuare-gli-ideali-della-costituzione-missione-mai-esaurita\/"},"modified":"2025-06-01T12:08:33","modified_gmt":"2025-06-01T10:08:33","slug":"2-giugno-mattarella-attuare-gli-ideali-della-costituzione-missione-mai-esaurita","status":"publish","type":"post","link":"https:\/\/www.messinaoggi.it\/website\/2025\/06\/01\/2-giugno-mattarella-attuare-gli-ideali-della-costituzione-missione-mai-esaurita\/","title":{"rendered":"2 giugno, Mattarella \u201cAttuare gli ideali della Costituzione missione mai esaurita\u201d"},"content":{"rendered":"<div>ROMA (ITALPRESS) &#8211; &#8220;<em>Con il referendum del 2 giugno 1946, il libero voto del popolo italiano per la Repubblica &#8211; con la partecipazione, per la prima volta, delle donne &#8211; coron\u00f2 la lotta di Liberazione dal nazifascismo, di cui quest&#8217;anno ricorre l&#8217;80\u00b0 anniversario, e fu premessa della Costituzione&#8221;.<\/em> E&#8217; quanto si legge in un messaggio inviato ai Prefetti d&#8217;Italia dal Presidente della Repubblica, Sergio <strong>Mattarella,<\/strong> in occasione della ricorrenza della <strong>Festa della Repubblica<\/strong>, affinch\u00e8 se ne facciano interpreti nelle iniziative promosse a livello locale nella ricorrenza del <strong>2 giugno<\/strong>. <em>&#8220;Quel patto tra popolo e istituzioni, fondato sui principi di libert\u00e0, democrazia e solidariet\u00e0, ispirato alla centralit\u00e0 della dignit\u00e0 umana e del lavoro<\/em> &#8211; prosegue -,<em> seppe realizzare, con il concorso di posizioni e culture plurali, una sintesi di valori condivisi e avviare la ricostruzione e il rilancio sociale ed economico dell&#8217;Italia. Il compito di attuare in concreto gli ideali costituzionali, di renderli vivi nella societ\u00e0 quale costante criterio ispiratore delle scelte, \u00e8 una missione mai esaurita, affidata ogni giorno anzitutto alla premura di quanti, con dedizione e competenza, prestano la loro opera nelle istituzioni e nella societ\u00e0 civile&#8221;.<\/em><div id=\"div-gpt-ad-Messinaoggi.it-DSK-300x250-corpoart\" style=\"text-align:center;margin:0 auto;\"><\/div><\/p>\n<p><em>&#8220;La Costituzione affida, infatti, a ciascun cittadino<\/em> &#8211; prosegue Mattarella &#8211; <em>la responsabilit\u00e0 di concorrere alla coesione sociale del Paese. Nei diversi ambiti di azione, interviene l&#8217;impegno per assicurare effettiva pienezza dei diritti, con servizi efficienti, legalit\u00e0 e sicurezza. <\/em><em>Promuovere iniziative e progettualit\u00e0 che favoriscano lo sviluppo delle diverse aree del Paese, ne valorizzino la ricchezza culturale e ambientale, affrontino i divari territoriali e le problematiche dei grandi centri urbani come delle aree interne, sollecita lo sforzo di chi sia investito di pubbliche responsabilit\u00e0. <\/em><em>I Prefetti, nelle rilevanti funzioni loro affidate a tutela dell&#8217;interesse generale, della sicurezza e della coesione sociale, sono chiamati in prima persona a essere in ogni provincia motore dei processi di cooperazione istituzionale e qualificati artefici di dialogo e di mediazione, promuovendo in concreto i principi di imparzialit\u00e0 e buon andamento. <\/em><em>La comunit\u00e0 nazionale vi \u00e8 grata per l&#8217;equilibrata opera che, insieme agli altri attori istituzionali, svolgete prevenendo e contrastando ogni forma di criminalit\u00e0 e violenza, assicurando il sereno esercizio delle libert\u00e0 dei cittadini.<\/em><br \/>\n<em>Nell&#8217;azione di sostegno agli enti locali, soprattutto nei momenti di crisi amministrativa e finanziaria, negli interventi per superare le emergenze che colpiscono i territori, nella gestione del fenomeno migratorio, nell&#8217;opera prestata in occasione delle consultazioni elettorali, la rete delle Prefetture \u00e8 risorsa preziosa al servizio del principio di unit\u00e0 del Paese e di valorizzazione delle sue autonomie istituzionali e sociali. <\/em><em>Rinnovo ai Prefetti e, loro tramite, a quanti si adoperano a servizio del bene comune, sentimenti di apprezzamento e di stima, unitamente ad auguri di buon lavoro, nell&#8217;auspicio che le celebrazioni del 2 giugno siano momento di unit\u00e0 e concordia intorno ai valori della Repubblica&#8221;.<\/em><div id=\"videoincontent\" style=\"clear:both\";><\/div><\/p>\n<p>&#8211; foto Ipa Agency &#8211;<\/p>\n<p>(ITALPRESS).<\/p><\/div>\n","protected":false},"excerpt":{"rendered":"<p>ROMA (ITALPRESS) &#8211; &#8220;Con il referendum del 2 giugno 1946, il libero voto del popolo italiano per la Repubblica &#8211; con la partecipazione, per la prima volta, delle donne &#8211; coron\u00f2 la lotta di Liberazione dal nazifascismo, di cui quest&#8217;anno ricorre l&#8217;80\u00b0 anniversario, e fu premessa della Costituzione&#8221;. E&#8217; quanto si legge in un messaggio [&hellip;]<\/p>\n","protected":false},"author":18,"featured_media":241788,"comment_status":"closed","ping_status":"closed","sticky":false,"template":"","format":"standard","meta":{"ub_ctt_via":"","_mi_skip_tracking":false},"categories":[446],"tags":[783],"featured_image_src":"https:\/\/www.messinaoggi.it\/website\/wp-content\/uploads\/2025\/06\/20250601_0079.jpg","author_info":{"display_name":"Admin","author_link":"https:\/\/www.messinaoggi.it\/website\/author\/admin\/"},"digistream_id":0,"digistream":false,"_links":{"self":[{"href":"https:\/\/www.messinaoggi.it\/website\/wp-json\/wp\/v2\/posts\/241787"}],"collection":[{"href":"https:\/\/www.messinaoggi.it\/website\/wp-json\/wp\/v2\/posts"}],"about":[{"href":"https:\/\/www.messinaoggi.it\/website\/wp-json\/wp\/v2\/types\/post"}],"author":[{"embeddable":true,"href":"https:\/\/www.messinaoggi.it\/website\/wp-json\/wp\/v2\/users\/18"}],"replies":[{"embeddable":true,"href":"https:\/\/www.messinaoggi.it\/website\/wp-json\/wp\/v2\/comments?post=241787"}],"version-history":[{"count":0,"href":"https:\/\/www.messinaoggi.it\/website\/wp-json\/wp\/v2\/posts\/241787\/revisions"}],"wp:featuredmedia":[{"embeddable":true,"href":"https:\/\/www.messinaoggi.it\/website\/wp-json\/wp\/v2\/media\/241788"}],"wp:attachment":[{"href":"https:\/\/www.messinaoggi.it\/website\/wp-json\/wp\/v2\/media?parent=241787"}],"wp:term":[{"taxonomy":"category","embeddable":true,"href":"https:\/\/www.messinaoggi.it\/website\/wp-json\/wp\/v2\/categories?post=241787"},{"taxonomy":"post_tag","embeddable":true,"href":"https:\/\/www.messinaoggi.it\/website\/wp-json\/wp\/v2\/tags?post=241787"}],"curies":[{"name":"wp","href":"https:\/\/api.w.org\/{rel}","templated":true}]}}