{"id":241720,"date":"2025-05-31T13:15:55","date_gmt":"2025-05-31T11:15:55","guid":{"rendered":"http:\/\/www.messinaoggi.it\/website\/?p=241720"},"modified":"2025-05-31T13:15:56","modified_gmt":"2025-05-31T11:15:56","slug":"torrente-trapani-passeggiata-primavera-in-piena-emergenza-degrado-iv-circoscrizione-chiede-la-messa-in-sicurezza","status":"publish","type":"post","link":"https:\/\/www.messinaoggi.it\/website\/2025\/05\/31\/torrente-trapani-passeggiata-primavera-in-piena-emergenza-degrado-iv-circoscrizione-chiede-la-messa-in-sicurezza\/","title":{"rendered":"Torrente Trapani: \u201cPasseggiata Primavera in piena emergenza degrado\u201d, IV Circoscrizione chiede la messa in sicurezza"},"content":{"rendered":"\n<p>La Passeggiata Primavera, situata in pieno centro citt\u00e0, deve fare i conti con l&#8217;incivilt\u00e0 di pochi: degrado e insicurezza stanno compromettendo uno degli spazi pubblici pi\u00f9 importanti di Messina. <div id=\"div-gpt-ad-Messinaoggi.it-DSK-300x250-corpoart\" style=\"text-align:center;margin:0 auto;\"><\/div><\/p>\n\n\n\n<p>A denunciare la situazione \u00e8 la II Commissione \u201cIgiene, Sanit\u00e0, Ambiente e Sicurezza urbana\u201d della IV Circoscrizione, presieduta dal Consigliere <strong>Nicola Lauro<\/strong>, che ha approvato all\u2019unanimit\u00e0 una serie di richieste operative rivolte all\u2019Amministrazione comunale. <div id=\"videoincontent\" style=\"clear:both\";><\/div><\/p>\n\n\n\n<p>Il punto all\u2019ordine del giorno \u00e8 stato proposto dal Consigliere <strong>Domenico Gabriele Ferrante<\/strong>, che si era gi\u00e0 fatto promotore nel 2023 di una delibera consiliare che puntava al miglioramento della vivibilit\u00e0 dell\u2019area.<\/p>\n\n\n\n<p>\u201cVa riconosciuto che, grazie all\u2019impegno della IV Circoscrizione e alla delibera approvata all\u2019unanimit\u00e0 due anni fa \u2013 precisa Ferrante \u2013 oggi la pulizia della Passeggiata Primavera \u00e8 garantita quasi ogni giorno da una squadra dedicata. Quel che sembra una buona notizia, tuttavia, nasconde un problema: il servizio \u00e8 reso necessario dai continui bagordi e dall\u2019incivilt\u00e0 che caratterizza le ore serali: se ci fosse pi\u00f9 rispetto per i beni comuni, questa forza lavoro potrebbe essere utilizzata in altre aree della citt\u00e0\u201d.<\/p>\n\n\n\n<figure class=\"wp-block-image size-large\"><img loading=\"lazy\" width=\"480\" height=\"864\" src=\"http:\/\/www.messinaoggi.it\/website\/wp-content\/uploads\/2025\/05\/IMG-20250531-WA0015.jpg\" alt=\"\" class=\"wp-image-241726\" srcset=\"https:\/\/www.messinaoggi.it\/website\/wp-content\/uploads\/2025\/05\/IMG-20250531-WA0015.jpg 480w, https:\/\/www.messinaoggi.it\/website\/wp-content\/uploads\/2025\/05\/IMG-20250531-WA0015-167x300.jpg 167w\" sizes=\"(max-width: 480px) 100vw, 480px\" \/><\/figure>\n\n\n\n<p>\u201cDurante l\u2019ultima seduta della Commissione \u2013 prosegue Ferrante \u2013 alcuni residenti, oltre a portare le immagini di quel che sono costretti a vedere ogni mattina, specialmente nei weekend, hanno testimoniato personalmente le ripetute situazioni di pericolo vissute negli ultimi mesi, allegando agli atti anche una delle denunce gi\u00e0 presentate alla Procura della Repubblica. Non si tratta soltanto di disagio o fastidio \u2013 evidenzia Ferrante \u2013 ma di episodi gravi di molestie, danneggiamenti e violazioni di propriet\u00e0 privata. Una vera e propria emergenza che minaccia la sicurezza di chi abita e frequenta la zona.\u201d<\/p>\n\n\n\n<figure class=\"wp-block-image size-large\"><img loading=\"lazy\" width=\"478\" height=\"850\" src=\"http:\/\/www.messinaoggi.it\/website\/wp-content\/uploads\/2025\/05\/IMG-20250531-WA0014.jpg\" alt=\"\" class=\"wp-image-241725\" srcset=\"https:\/\/www.messinaoggi.it\/website\/wp-content\/uploads\/2025\/05\/IMG-20250531-WA0014.jpg 478w, https:\/\/www.messinaoggi.it\/website\/wp-content\/uploads\/2025\/05\/IMG-20250531-WA0014-169x300.jpg 169w\" sizes=\"(max-width: 478px) 100vw, 478px\" \/><\/figure>\n\n\n\n<p>\u201cLa Passeggiata Primavera \u2013 sottolinea Lauro \u2013 dovrebbe essere un simbolo di socialit\u00e0 e aggregazione per persone di tutte le et\u00e0, ma in particolare deve essere uno spazio sicuro e accogliente per i bambini e le loro famiglie. Oggi, invece, ci troviamo ogni mattina di fronte a cumuli di rifiuti e una diffusa percezione di insicurezza, soprattutto nelle ore serali. Nessun genitore \u00e8 invogliato a portare i propri figli a queste condizioni\u201d.<\/p>\n\n\n\n<figure class=\"wp-block-image size-large\"><img loading=\"lazy\" width=\"478\" height=\"850\" src=\"http:\/\/www.messinaoggi.it\/website\/wp-content\/uploads\/2025\/05\/IMG-20250531-WA0016.jpg\" alt=\"\" class=\"wp-image-241727\" srcset=\"https:\/\/www.messinaoggi.it\/website\/wp-content\/uploads\/2025\/05\/IMG-20250531-WA0016.jpg 478w, https:\/\/www.messinaoggi.it\/website\/wp-content\/uploads\/2025\/05\/IMG-20250531-WA0016-169x300.jpg 169w\" sizes=\"(max-width: 478px) 100vw, 478px\" \/><\/figure>\n\n\n\n<p>Nella nota inviata all\u2019Amministrazione vengono elencate le criticit\u00e0 pi\u00f9 gravi e le proposte approvate dalla Commissione:<\/p>\n\n\n\n<ul><li>Messa in sicurezza e riqualificazione della villetta;<\/li><li>Maggiore presenza delle forze dell\u2019ordine tramite controlli serali e notturni mirati;<\/li><li>Ripristino e ampliamento dell\u2019area giochi per bambini;<\/li><li>Organizzazione di eventi culturali, sociali e campagne di sensibilizzazione per promuovere il rispetto degli spazi pubblici.<\/li><\/ul>\n\n\n\n<p>La Commissione auspica ora un rapido confronto con l\u2019Amministrazione:<\/p>\n\n\n\n<p>\u201cChiediamo risposte e soluzioni concrete \u2013 conclude Ferrante \u2013 perch\u00e9 i cittadini hanno diritto a vivere quest&#8217;area in sicurezza e decoro. La nostra voce \u00e8 quella di un intero quartiere che non vuole pi\u00f9 piegarsi agli abusi di pochi incivili\u201d.<\/p>\n","protected":false},"excerpt":{"rendered":"<p>La Passeggiata Primavera, situata in pieno centro citt\u00e0, deve fare i conti con l&#8217;incivilt\u00e0 di pochi: degrado e insicurezza stanno compromettendo uno degli spazi pubblici pi\u00f9 importanti di Messina. A denunciare la situazione \u00e8 la II Commissione \u201cIgiene, Sanit\u00e0, Ambiente e Sicurezza urbana\u201d della IV Circoscrizione, presieduta dal Consigliere Nicola Lauro, che ha approvato all\u2019unanimit\u00e0 [&hellip;]<\/p>\n","protected":false},"author":15,"featured_media":241724,"comment_status":"open","ping_status":"open","sticky":false,"template":"","format":"standard","meta":{"ub_ctt_via":"","_mi_skip_tracking":false},"categories":[4,6],"tags":[5448,1203,6765,11521,2587],"featured_image_src":"https:\/\/www.messinaoggi.it\/website\/wp-content\/uploads\/2025\/05\/IMG-20250531-WA0013-e1748690079499.jpg","author_info":{"display_name":"red.me","author_link":"https:\/\/www.messinaoggi.it\/website\/author\/red-me\/"},"digistream_id":0,"digistream":false,"_links":{"self":[{"href":"https:\/\/www.messinaoggi.it\/website\/wp-json\/wp\/v2\/posts\/241720"}],"collection":[{"href":"https:\/\/www.messinaoggi.it\/website\/wp-json\/wp\/v2\/posts"}],"about":[{"href":"https:\/\/www.messinaoggi.it\/website\/wp-json\/wp\/v2\/types\/post"}],"author":[{"embeddable":true,"href":"https:\/\/www.messinaoggi.it\/website\/wp-json\/wp\/v2\/users\/15"}],"replies":[{"embeddable":true,"href":"https:\/\/www.messinaoggi.it\/website\/wp-json\/wp\/v2\/comments?post=241720"}],"version-history":[{"count":4,"href":"https:\/\/www.messinaoggi.it\/website\/wp-json\/wp\/v2\/posts\/241720\/revisions"}],"predecessor-version":[{"id":241728,"href":"https:\/\/www.messinaoggi.it\/website\/wp-json\/wp\/v2\/posts\/241720\/revisions\/241728"}],"wp:featuredmedia":[{"embeddable":true,"href":"https:\/\/www.messinaoggi.it\/website\/wp-json\/wp\/v2\/media\/241724"}],"wp:attachment":[{"href":"https:\/\/www.messinaoggi.it\/website\/wp-json\/wp\/v2\/media?parent=241720"}],"wp:term":[{"taxonomy":"category","embeddable":true,"href":"https:\/\/www.messinaoggi.it\/website\/wp-json\/wp\/v2\/categories?post=241720"},{"taxonomy":"post_tag","embeddable":true,"href":"https:\/\/www.messinaoggi.it\/website\/wp-json\/wp\/v2\/tags?post=241720"}],"curies":[{"name":"wp","href":"https:\/\/api.w.org\/{rel}","templated":true}]}}