{"id":24172,"date":"2018-09-11T15:17:42","date_gmt":"2018-09-11T13:17:42","guid":{"rendered":"http:\/\/www.messinaoggi.it\/website\/?p=24172"},"modified":"2018-09-11T15:17:42","modified_gmt":"2018-09-11T13:17:42","slug":"amam-inizia-lera-dei-rapporti-giornalieri-al-cda-basta-riparazioni-lampo-ad-amici-e-parenti","status":"publish","type":"post","link":"https:\/\/www.messinaoggi.it\/website\/2018\/09\/11\/amam-inizia-lera-dei-rapporti-giornalieri-al-cda-basta-riparazioni-lampo-ad-amici-e-parenti\/","title":{"rendered":"Amam, inizia l&#039;era dei rapporti giornalieri al Cda: basta riparazioni lampo ad amici e parenti"},"content":{"rendered":"<p style=\"text-align: justify\">All\u2019Amam \u00e8 finito il tempo dei figli e dei figliastri. Adesso, inizia l\u2019era dei rapporti quotidiani che ogni ufficio deve produrre ed inviare al Cda, affinch\u00e8 si evitino interventi di favore verso chi ha parenti o amici all\u2019interno dell\u2019azienda.<div id=\"div-gpt-ad-Messinaoggi.it-DSK-300x250-corpoart\" style=\"text-align:center;margin:0 auto;\"><\/div><\/p>\n<p style=\"text-align: justify\">Ad annunciare la nascita di questo nuovo atto \u00e8 proprio il componente del Cda, Roberto Cerreti, che sul proprio profilo face book ha commentato: \u201cEcco l&#8217;atto con cui si metter\u00e0 definitivamente la parola &#8220;FINE&#8221; al sistema delle amicizie per accelerare o raccomandarsi sugli interventi su reti idriche e fognarie. Tutti siamo uguali e con gli stessi diritti, e chiunque, nessuno escluso, dovr\u00e0 segnalare e protocollare le proprie segnalazioni, segnando la tracciabilit\u00e0 di ogni lavoro o disservizio. Stiamo gi\u00e0 predisponendo sul sito la possibilit\u00e0 di seguire l&#8217;evoluzione delle segnalazioni. Questa \u00e8 l&#8217;Amministrazione De Luca, questi siamo noi!!\u201d.<div id=\"videoincontent\" style=\"clear:both\";><\/div><\/p>\n<p style=\"text-align: justify\">Quindi, da adesso, sar\u00e0 molto pi\u00f9 difficile cercare scorciatoie, un problema resta un problema e sar\u00e0 affrontato con gli stessi tempi per tutti, indipendentemente da chi fa la segnalazione. Di fatti, l\u2019atto prevede che \u201c1<strong>&#8211;<\/strong>quotidianamente ed a fine turno, venga prodotto ed inoltrato al Cda report di tutte le segnalazioni giunte al call center con protocolli, orari ed indicazione degli operatori a cui viene affidato incarico di verifica; 2-quotidianamente ed a fine turno, venga prodotto ed inoltrato al Cda report degli interventi effettuati con allegato giorno della segnalazione, protocollo ed indicazione eventuale segnalazione organi istituzionali; 3-mensilmente, codesta Amministrazione, proceder\u00e0 nel comunicare al CdA e non oltre il quinto giorno del mese successivo<strong>, <\/strong>report di tutte lesegnalazioni non verificate dai nostri operatori, allegando relazione motivata dell&#8217;eventuale mancato sopralluogo e verifica. 4-tutti sopralluoghi e\/o interventi degli operatori ed in generale di tutto il personale aziendale, ivi compresi i dirigenti, Amam dovranno obbligatoriamente trovare riscontro in segnalazioni ufficiali e protocollate, registrando e protocollando anche le eventuali segnalazioni delle Autorit\u00e0 istituzionali locali. 5-In alcun modo potranno essere tollerate e non sanzionate iniziative di controllo, verifica e gestione degli interventi non comunicate alla direzione e che non trovino riscontro nel protocollo delle segnalazioni dell&#8217;Amministrazione\u201d.<\/p>\n","protected":false},"excerpt":{"rendered":"<p>All\u2019Amam \u00e8 finito il tempo dei figli e dei figliastri. Adesso, inizia l\u2019era dei rapporti quotidiani che ogni ufficio deve produrre ed inviare al Cda, affinch\u00e8 si evitino interventi di favore verso chi ha parenti o amici all\u2019interno dell\u2019azienda. Ad annunciare la nascita di questo nuovo atto \u00e8 proprio il componente del Cda, Roberto Cerreti, [&hellip;]<\/p>\n","protected":false},"author":14,"featured_media":1679,"comment_status":"closed","ping_status":"open","sticky":false,"template":"","format":"standard","meta":{"ub_ctt_via":"","_mi_skip_tracking":false},"categories":[6],"tags":[],"featured_image_src":"https:\/\/www.messinaoggi.it\/website\/wp-content\/uploads\/2017\/06\/Amam-sede-2.jpg","author_info":{"display_name":"Antonio Macauda","author_link":"https:\/\/www.messinaoggi.it\/website\/author\/a-macauda\/"},"digistream_id":0,"digistream":false,"_links":{"self":[{"href":"https:\/\/www.messinaoggi.it\/website\/wp-json\/wp\/v2\/posts\/24172"}],"collection":[{"href":"https:\/\/www.messinaoggi.it\/website\/wp-json\/wp\/v2\/posts"}],"about":[{"href":"https:\/\/www.messinaoggi.it\/website\/wp-json\/wp\/v2\/types\/post"}],"author":[{"embeddable":true,"href":"https:\/\/www.messinaoggi.it\/website\/wp-json\/wp\/v2\/users\/14"}],"replies":[{"embeddable":true,"href":"https:\/\/www.messinaoggi.it\/website\/wp-json\/wp\/v2\/comments?post=24172"}],"version-history":[{"count":0,"href":"https:\/\/www.messinaoggi.it\/website\/wp-json\/wp\/v2\/posts\/24172\/revisions"}],"wp:featuredmedia":[{"embeddable":true,"href":"https:\/\/www.messinaoggi.it\/website\/wp-json\/wp\/v2\/media\/1679"}],"wp:attachment":[{"href":"https:\/\/www.messinaoggi.it\/website\/wp-json\/wp\/v2\/media?parent=24172"}],"wp:term":[{"taxonomy":"category","embeddable":true,"href":"https:\/\/www.messinaoggi.it\/website\/wp-json\/wp\/v2\/categories?post=24172"},{"taxonomy":"post_tag","embeddable":true,"href":"https:\/\/www.messinaoggi.it\/website\/wp-json\/wp\/v2\/tags?post=24172"}],"curies":[{"name":"wp","href":"https:\/\/api.w.org\/{rel}","templated":true}]}}