{"id":241712,"date":"2025-05-31T12:08:38","date_gmt":"2025-05-31T10:08:38","guid":{"rendered":"https:\/\/www.messinaoggi.it\/website\/2025\/05\/31\/schlein-inaccettabili-accuse-di-antisemitismo-per-critiche-a-netanyahu\/"},"modified":"2025-05-31T12:08:38","modified_gmt":"2025-05-31T10:08:38","slug":"schlein-inaccettabili-accuse-di-antisemitismo-per-critiche-a-netanyahu","status":"publish","type":"post","link":"https:\/\/www.messinaoggi.it\/website\/2025\/05\/31\/schlein-inaccettabili-accuse-di-antisemitismo-per-critiche-a-netanyahu\/","title":{"rendered":"Schlein \u201cInaccettabili accuse di antisemitismo per critiche a Netanyahu\u201d"},"content":{"rendered":"<div>ROMA (ITALPRESS) &#8211; &#8220;Non \u00e8 accettabile che chiunque critichi un governo che sta violando tutti i principi internazionali sia accusato di essere antisemita. Criticare il governo di Netanyahu \u00e8 doveroso&#8221;. Cos\u00ec la segretaria del Pd, Elly Schlein, ad Agor\u00e0 weekend su RaiTre.<br \/>&#8220;Saremo in piazza il 7 giugno: perch\u00e8 sono inaccettabili le cose che stiamo vedendo e ci riguarda tutti quello che sta accadendo a Gaza&#8221;, aggiunge la leader Dem.<br \/>&#8211; foto Ipa agency &#8211;<br \/>(ITALPRESS).<\/div>\n<div id=\"div-gpt-ad-Messinaoggi.it-DSK-300x250-corpoart\" style=\"text-align:center;margin:0 auto;\"><\/div><\/p><div id=\"videoincontent\" style=\"clear:both\";><\/div>","protected":false},"excerpt":{"rendered":"<p>ROMA (ITALPRESS) &#8211; &#8220;Non \u00e8 accettabile che chiunque critichi un governo che sta violando tutti i principi internazionali sia accusato di essere antisemita. Criticare il governo di Netanyahu \u00e8 doveroso&#8221;. Cos\u00ec la segretaria del Pd, Elly Schlein, ad Agor\u00e0 weekend su RaiTre.&#8220;Saremo in piazza il 7 giugno: perch\u00e8 sono inaccettabili le cose che stiamo vedendo [&hellip;]<\/p>\n","protected":false},"author":18,"featured_media":241713,"comment_status":"closed","ping_status":"closed","sticky":false,"template":"","format":"standard","meta":{"ub_ctt_via":"","_mi_skip_tracking":false},"categories":[446],"tags":[783],"featured_image_src":"https:\/\/www.messinaoggi.it\/website\/wp-content\/uploads\/2025\/05\/20250531_0311.jpg","author_info":{"display_name":"Admin","author_link":"https:\/\/www.messinaoggi.it\/website\/author\/admin\/"},"digistream_id":0,"digistream":false,"_links":{"self":[{"href":"https:\/\/www.messinaoggi.it\/website\/wp-json\/wp\/v2\/posts\/241712"}],"collection":[{"href":"https:\/\/www.messinaoggi.it\/website\/wp-json\/wp\/v2\/posts"}],"about":[{"href":"https:\/\/www.messinaoggi.it\/website\/wp-json\/wp\/v2\/types\/post"}],"author":[{"embeddable":true,"href":"https:\/\/www.messinaoggi.it\/website\/wp-json\/wp\/v2\/users\/18"}],"replies":[{"embeddable":true,"href":"https:\/\/www.messinaoggi.it\/website\/wp-json\/wp\/v2\/comments?post=241712"}],"version-history":[{"count":0,"href":"https:\/\/www.messinaoggi.it\/website\/wp-json\/wp\/v2\/posts\/241712\/revisions"}],"wp:featuredmedia":[{"embeddable":true,"href":"https:\/\/www.messinaoggi.it\/website\/wp-json\/wp\/v2\/media\/241713"}],"wp:attachment":[{"href":"https:\/\/www.messinaoggi.it\/website\/wp-json\/wp\/v2\/media?parent=241712"}],"wp:term":[{"taxonomy":"category","embeddable":true,"href":"https:\/\/www.messinaoggi.it\/website\/wp-json\/wp\/v2\/categories?post=241712"},{"taxonomy":"post_tag","embeddable":true,"href":"https:\/\/www.messinaoggi.it\/website\/wp-json\/wp\/v2\/tags?post=241712"}],"curies":[{"name":"wp","href":"https:\/\/api.w.org\/{rel}","templated":true}]}}