{"id":24170,"date":"2018-09-11T14:53:43","date_gmt":"2018-09-11T12:53:43","guid":{"rendered":"http:\/\/www.messinaoggi.it\/website\/?p=24170"},"modified":"2018-09-11T14:53:43","modified_gmt":"2018-09-11T12:53:43","slug":"sanita-cuzzocrea-chiede-la-testa-di-vullo-e-il-manager-sinfuria","status":"publish","type":"post","link":"https:\/\/www.messinaoggi.it\/website\/2018\/09\/11\/sanita-cuzzocrea-chiede-la-testa-di-vullo-e-il-manager-sinfuria\/","title":{"rendered":"Sanit\u00e0: Cuzzocrea chiede la &quot;testa&quot; di Vullo e il manager s&#039;infuria"},"content":{"rendered":"<p style=\"text-align: justify;\">Scontro aperto fra l&#8217;ormai ex commissario straordinario del Policlinico, Michele Vullo, e il rettore dell&#8217;Universit\u00e0 di Messina, Salvatore Cuzzocrea, dal momento che\u00a0 sar\u00e0 revocato il mandato su decisione dall&#8217;assessore regionale alla Salute, Ruggero Razza. Vullo ha affidato\u00a0 ad una missiva spedita all&#8217;assessorato a Palermo, la sua replica dopo le recenti dichiarazioni del massimo responsabile dell&#8217;Ateneo peloritano.<div id=\"div-gpt-ad-Messinaoggi.it-DSK-300x250-corpoart\" style=\"text-align:center;margin:0 auto;\"><\/div><\/p>\n<p><img loading=\"lazy\" class=\"size-medium wp-image-16492 alignleft\" src=\"http:\/\/www.messinaoggi.it\/website\/wp-content\/uploads\/2018\/03\/cuzzocrea-s-RRP_5506-300x200.jpg\" alt=\"\" width=\"300\" height=\"200\" \/><div id=\"videoincontent\" style=\"clear:both\";><\/div><\/p>\n<p style=\"text-align: justify;\">&#8220;<em>In merito alle notizie di stampa sul futuro mancato rinnovo del mio mandato a commissario dell&#8217;Aou Gaetano Martino di Messina, avevo deciso di non intervenire, ritenendo la scelta legittima sul piano della responsabilit\u00e0 politica. Addirittura, avevo valutato tale scelta positiva rispetto i tentativi passati, durante il governo di centro-sinistra, di rimuovermi attraverso campagne stampa calunniose\u00a0 sul possesso dei requisiti. <\/em><\/p>\n<p style=\"text-align: justify;\"><em>Ma la notizia di una nota con cui il rettore dell&#8217;Universit\u00e0 di Messina chiede alla Regione la mia testa, mi spinge, oltre a chiedere l&#8217;accesso agli atti per averne copia, a denunciare le iniziative, ed eventuali giudizi sul mio ruolo di manager pubblico, da parte del rettore, come violazioni di formali procedure che stabiliscono le modalit\u00e0 e gli organismi competenti per la valutazione dei manager&#8221;<\/em>.<\/p>\n<p style=\"text-align: justify;\">Lo scrive il commissario uscente del Policlinico di Messina, Michele Vullo, in una lettera inviata all&#8217;assessore regionale alla Salute, Ruggero Razza.<\/p>\n<p><img loading=\"lazy\" class=\"size-medium wp-image-1433 alignright\" src=\"http:\/\/www.messinaoggi.it\/website\/wp-content\/uploads\/2017\/06\/Policlinico-1-300x200.jpg\" alt=\"\" width=\"300\" height=\"200\" \/><\/p>\n<p style=\"text-align: justify;\">Vullo poi aggiunge aggiunge: &#8220;<em>Sono inadeguato perch\u00e9 venuto a conoscenza, dopo oltre un mese dell&#8217;accaduto, che era stata dimenticata una pinza nell&#8217;addome di un paziente, successivamente morto, e ho provveduto a informare l&#8217;autorit\u00e0 giudiziaria; perch\u00e9di fronte al minacciato blocco dell&#8217;attivit\u00e0 della chirurgia vascolare, per assenza degli ecografi, ho avviato una ricognizione sui canoni di manutenzione verificando che l&#8217;Aou paga annualmente canoni di manutenzione per 68 ecografi di cui gran parte sottoutilizzati; perch\u00e9 di fronte all&#8217;ulteriore richiesta di acquisti di ecografi, chiaramente di nuova generazione, ho espresso l&#8217;opinione che prima era opportuno fare chiarezza sulle attrezzature sottoutilizzate; perch\u00e9 ho dotato, come precedentemente fatto al Papardo, i blocchi operatori di tecnologie in grado di garantire l&#8217;esame istologico in estemporanea dentro i 15 minuti; perch\u00e9 ho verificato che presso l&#8217;Aou i tempi di realizzazione degli esami in estemporanea non sono tracciati, venendo meno ad obblighi di legge e al dovuto rispetto e tutela dei pazienti in larga parte oncologici. Questo e&#8217; lo scenario che la direzione strategica da me diretta ha cercato di migliorare&#8221;<\/em><\/p>\n","protected":false},"excerpt":{"rendered":"<p>Scontro aperto fra l&#8217;ormai ex commissario straordinario del Policlinico, Michele Vullo, e il rettore dell&#8217;Universit\u00e0 di Messina, Salvatore Cuzzocrea, dal momento che\u00a0 sar\u00e0 revocato il mandato su decisione dall&#8217;assessore regionale alla Salute, Ruggero Razza. Vullo ha affidato\u00a0 ad una missiva spedita all&#8217;assessorato a Palermo, la sua replica dopo le recenti dichiarazioni del massimo responsabile dell&#8217;Ateneo [&hellip;]<\/p>\n","protected":false},"author":2,"featured_media":1572,"comment_status":"closed","ping_status":"open","sticky":false,"template":"","format":"standard","meta":{"ub_ctt_via":"","_mi_skip_tracking":false},"categories":[6],"tags":[],"featured_image_src":"https:\/\/www.messinaoggi.it\/website\/wp-content\/uploads\/2017\/06\/Vullo-Michele-3.jpg","author_info":{"display_name":"Redazione","author_link":"https:\/\/www.messinaoggi.it\/website\/author\/redazione\/"},"digistream_id":0,"digistream":false,"_links":{"self":[{"href":"https:\/\/www.messinaoggi.it\/website\/wp-json\/wp\/v2\/posts\/24170"}],"collection":[{"href":"https:\/\/www.messinaoggi.it\/website\/wp-json\/wp\/v2\/posts"}],"about":[{"href":"https:\/\/www.messinaoggi.it\/website\/wp-json\/wp\/v2\/types\/post"}],"author":[{"embeddable":true,"href":"https:\/\/www.messinaoggi.it\/website\/wp-json\/wp\/v2\/users\/2"}],"replies":[{"embeddable":true,"href":"https:\/\/www.messinaoggi.it\/website\/wp-json\/wp\/v2\/comments?post=24170"}],"version-history":[{"count":0,"href":"https:\/\/www.messinaoggi.it\/website\/wp-json\/wp\/v2\/posts\/24170\/revisions"}],"wp:featuredmedia":[{"embeddable":true,"href":"https:\/\/www.messinaoggi.it\/website\/wp-json\/wp\/v2\/media\/1572"}],"wp:attachment":[{"href":"https:\/\/www.messinaoggi.it\/website\/wp-json\/wp\/v2\/media?parent=24170"}],"wp:term":[{"taxonomy":"category","embeddable":true,"href":"https:\/\/www.messinaoggi.it\/website\/wp-json\/wp\/v2\/categories?post=24170"},{"taxonomy":"post_tag","embeddable":true,"href":"https:\/\/www.messinaoggi.it\/website\/wp-json\/wp\/v2\/tags?post=24170"}],"curies":[{"name":"wp","href":"https:\/\/api.w.org\/{rel}","templated":true}]}}