{"id":241696,"date":"2025-05-30T23:08:34","date_gmt":"2025-05-30T21:08:34","guid":{"rendered":"https:\/\/www.messinaoggi.it\/website\/2025\/05\/30\/luis-enrique-tante-aspettative-ma-vogliamo-fare-la-storia\/"},"modified":"2025-05-30T23:08:34","modified_gmt":"2025-05-30T21:08:34","slug":"luis-enrique-tante-aspettative-ma-vogliamo-fare-la-storia","status":"publish","type":"post","link":"https:\/\/www.messinaoggi.it\/website\/2025\/05\/30\/luis-enrique-tante-aspettative-ma-vogliamo-fare-la-storia\/","title":{"rendered":"Luis Enrique \u201cTante aspettative ma vogliamo fare la storia\u201d"},"content":{"rendered":"<div>MONACO DI BAVIERA (GERMANIA) (ITALPRESS) &#8211; A 90 minuti dalla storia. Il P<strong>aris Saint Germain domani contender\u00e0 all&#8217;Inter la Champions League 2024-25<\/strong> all&#8217;Allianz Arena di <strong>Monaco:<\/strong> seconda finale di sempre per il club francese dopo quella del 2020 persa col Bayern.<div id=\"div-gpt-ad-Messinaoggi.it-DSK-300x250-corpoart\" style=\"text-align:center;margin:0 auto;\"><\/div><\/p>\n<p>La Coppa dalla grandi orecchie \u00e8 il grande sogno della ricca propriet\u00e0 qatariota e l&#8217;uomo della Provvidenza potrebbe essere Luis Enrique, che potrebbe eguagliare l&#8217;amico Guardiola col secondo &#8220;triplete&#8221; personale con due squadre diverse. <em>&#8220;Siamo molto fortunati a poter disputare la partita pi\u00f9 bella che una squadra possa affrontare in una stagione e la giocheremo contro un&#8217;altra grande squadra: \u00e8 un momento da godere&#8221;<\/em>, prova ad allentare la tensione il tecnico asturiano, consapevole delle insidie di domani.<div id=\"videoincontent\" style=\"clear:both\";><\/div><\/p>\n<p><em><strong>&#8220;L&#8217;Inter \u00e8 una squadra un po&#8217; diversa dalle altre,<\/strong> con due attaccanti puri come Lautaro e Thuram. Il nostro obiettivo \u00e8 preparare la partita nel miglior modo per portarla dove pensiamo di essere pi\u00f9 forti e per questo dobbiamo avere il pallone. Loro sanno pressare molto bene, sono una squadra molto completa, abbiamo preparato tutte le possibilit\u00e0: adattarsi a quello che chieder\u00e0 la partita sar\u00e0 la chiave&#8221;<\/em>.<\/p>\n<p>La Champions \u00e8 stata finora un tab\u00f9 per i francesi. &#8220;<em>Ricordo che alla mia presentazione si disse che l&#8217;obiettivo era vincere trofei importanti e questo \u00e8 quello che ancora manca<\/em> &#8211; ricorda Luis Enrique &#8211; <em>C&#8217;\u00e8 quindi una pressione aggiuntiva, ci sono tante aspettative ma io la vivo con tranquillit\u00e0 e consapevolezza. Credo che la cosa importante \u00e8 che siamo arrivati fin qui giocando in un certo modo e dobbiamo continuare a farlo. La mia pi\u00f9 grande motivazione \u00e8 fare la storia a Parigi. Dare gioia ad una citt\u00e0, a un paese. Daremo il massimo&#8221;<\/em>.<\/p>\n<p>Il fatto che ci siano molti giovani in rosa non \u00e8 un problema sotto il profilo dell&#8217;esperienza per Luis Enrique <em>&#8220;perch\u00e8 comunque hanno gi\u00e0 giocato tante partite a eliminazione diretta. Non ho mai avuto paura di rischiare i giovani, deve giocare il migliore senza pensare all&#8217;et\u00e0&#8221;.<\/em><\/p>\n<p>E poi, fra i pali, c&#8217;\u00e8 un <strong>Donnarumma<\/strong> formato Europeo: <em>&#8220;Le critiche? Quando uno \u00e8 al livello pi\u00f9 alto, sa che sar\u00e0 criticato di pi\u00f9. Gigio lo sa, \u00e8 ormai un uomo esperto, sono contento di lui come di tutti&#8221;.<\/em><\/p>\n<p>Nella finale persa nel 2020 c&#8217;era in campo <strong>Marquinhos<\/strong> &#8220;<em>ma \u00e8 tutto diverso oggi. Arriviamo a questo atto conclusivo della Champions bene. Stiamo preparando gli ultimi dettagli e ci faremo trovare pronti domani per affrontare l&#8217;Inter, che \u00e8 una grande squadra&#8221;<\/em>.<\/p>\n<p>L&#8217;ex centrale della Roma spende parole importanti su Luis Enrique e sul suo impatto: D<em>al suo arrivo, non ha lavorato solo sull&#8217;aspetto fisico. Ci ha spiegato come gestire le emozioni per portare la partita dove vogliamo e anche questa settimana ha parlato molto con noi. Vogliamo vincere, vogliamo andare a ottenere questa vittoria&#8221;.<\/em><\/p>\n<p>Per quanto riguarda le minacce in attacco dell&#8217;Inter, Marquinhos assicura che <em>&#8220;abbiamo lavorato tanto sulla nostra fase difensiva: staremo attenti alle loro due punte, Lautaro e Thuram, ma cercheremo di fare il nostro gioco, senza snaturarlo e senza cambiare tanto. Conosciamo i punti di forza dell&#8217;Inter ma noi dobbiamo puntare sulle nostre giocate ed essere aggressivi&#8221;.<\/em><\/p>\n<p>A guidare l&#8217;attacco del Psg, invece, ci sar\u00e0 <strong>Ousmane Dembel\u00e8<\/strong>. &#8220;<em>Siamo molto orgogliosi di essere qui in finale. Abbiamo lavorato molto, non \u00e8 stato facile, soprattutto all&#8217;inizio della Champions. Abbiamo cambiato questa dinamica, soprattutto nella seconda met\u00e0 della stagione. Il Pallone d&#8217;Oro? La cosa pi\u00f9 importante \u00e8 vincere questa Champions. Sono concentrato sulla squadra e non sui singoli trofei&#8221;.<\/em> Per quanto riguarda l&#8217;Inter, <em>&#8220;\u00e8 una grande squadra, meritano di essere in finale. Si conoscono a memoria. Sanno come difendere, come attaccare, dovremo essere concentrati fino alla fine: anche un solo momento di distrazione puoi pagarlo caro&#8221;.<\/em><br \/>\n&#8211; foto Ipa Agency &#8211;<br \/>\n(ITALPRESS).<\/div>\n","protected":false},"excerpt":{"rendered":"<p>MONACO DI BAVIERA (GERMANIA) (ITALPRESS) &#8211; A 90 minuti dalla storia. Il Paris Saint Germain domani contender\u00e0 all&#8217;Inter la Champions League 2024-25 all&#8217;Allianz Arena di Monaco: seconda finale di sempre per il club francese dopo quella del 2020 persa col Bayern. La Coppa dalla grandi orecchie \u00e8 il grande sogno della ricca propriet\u00e0 qatariota e [&hellip;]<\/p>\n","protected":false},"author":18,"featured_media":241697,"comment_status":"closed","ping_status":"closed","sticky":false,"template":"","format":"standard","meta":{"ub_ctt_via":"","_mi_skip_tracking":false},"categories":[446],"tags":[783],"featured_image_src":"https:\/\/www.messinaoggi.it\/website\/wp-content\/uploads\/2025\/05\/20250530_2438.jpg","author_info":{"display_name":"Admin","author_link":"https:\/\/www.messinaoggi.it\/website\/author\/admin\/"},"digistream_id":0,"digistream":false,"_links":{"self":[{"href":"https:\/\/www.messinaoggi.it\/website\/wp-json\/wp\/v2\/posts\/241696"}],"collection":[{"href":"https:\/\/www.messinaoggi.it\/website\/wp-json\/wp\/v2\/posts"}],"about":[{"href":"https:\/\/www.messinaoggi.it\/website\/wp-json\/wp\/v2\/types\/post"}],"author":[{"embeddable":true,"href":"https:\/\/www.messinaoggi.it\/website\/wp-json\/wp\/v2\/users\/18"}],"replies":[{"embeddable":true,"href":"https:\/\/www.messinaoggi.it\/website\/wp-json\/wp\/v2\/comments?post=241696"}],"version-history":[{"count":0,"href":"https:\/\/www.messinaoggi.it\/website\/wp-json\/wp\/v2\/posts\/241696\/revisions"}],"wp:featuredmedia":[{"embeddable":true,"href":"https:\/\/www.messinaoggi.it\/website\/wp-json\/wp\/v2\/media\/241697"}],"wp:attachment":[{"href":"https:\/\/www.messinaoggi.it\/website\/wp-json\/wp\/v2\/media?parent=241696"}],"wp:term":[{"taxonomy":"category","embeddable":true,"href":"https:\/\/www.messinaoggi.it\/website\/wp-json\/wp\/v2\/categories?post=241696"},{"taxonomy":"post_tag","embeddable":true,"href":"https:\/\/www.messinaoggi.it\/website\/wp-json\/wp\/v2\/tags?post=241696"}],"curies":[{"name":"wp","href":"https:\/\/api.w.org\/{rel}","templated":true}]}}