{"id":241692,"date":"2025-05-30T21:08:45","date_gmt":"2025-05-30T19:08:45","guid":{"rendered":"https:\/\/www.messinaoggi.it\/website\/2025\/05\/30\/brambilla-la-legge-sui-reati-contro-gli-animali-una-riforma-epocale\/"},"modified":"2025-05-30T21:08:45","modified_gmt":"2025-05-30T19:08:45","slug":"brambilla-la-legge-sui-reati-contro-gli-animali-una-riforma-epocale","status":"publish","type":"post","link":"https:\/\/www.messinaoggi.it\/website\/2025\/05\/30\/brambilla-la-legge-sui-reati-contro-gli-animali-una-riforma-epocale\/","title":{"rendered":"Brambilla \u201cLa legge sui reati contro gli animali una riforma epocale\u201d"},"content":{"rendered":"<div>ROMA (ITALPRESS) &#8211; Una stretta contro ogni forma di violenza sugli animali. Michela Brambilla, presidente della commissione parlamentare per l&#8217;Infanzia e l&#8217;Adolescenza e deputata di Noi moderati, ha illustrato in un&#8217;intervista a Claudio Brachino, per la rubrica Primo Piano dell&#8217;agenzia Italpress, i contenuti della legge che porta il suo nome in merito ai delitti contro gli animali. L&#8217;Aula del Senato ha approvato il 29 maggio in via<br \/>\ndefinitiva il disegno di legge &#8220;recante modifiche al codice penale, al codice di procedura penale e altre disposizioni per l&#8217;integrazione e l&#8217;armonizzazione della disciplina in materia di<br \/>\nreati contro gli animali&#8221;.<br \/>\nLa legge viene definita da Brambilla &#8220;una riforma epocale che l&#8217;Italia attendeva da 21 anni: finalmente lo status degli animali nel nostro paese \u00e8 cambiato. In questi decenni i crimini ai danni dei nostri piccoli amici si sono moltiplicati e l&#8217;impunit\u00e0 regnava, personaggi socialmente pericolosi erano certi che non gli sarebbe successo niente e continuavano a perpetrare le loro azioni: tanti animali hanno passato la loro vita in mezzo ai maltrattamenti anche dentro le mura domestiche senza potersi difendere. Ci sono anche tutte quelle creature sfruttate negli spettacoli, nei circhi o comunque in contesti in cui l&#8217;uomo li fa soffrire per il proprio tornaconto economico&#8221;.<br \/>\nVenendo alle pene, spiega la deputata di Noi Moderati, &#8220;l&#8217;uccisione di un animale con crudelt\u00e0 pu\u00f2 comportare quattro anni di carcere e 60 mila euro di multa, pi\u00f9 l&#8217;aggravante di un terzo della pena se il fatto \u00e8 commesso dinanzi a un minore o diffuso sul web; in questi casi non c&#8217;\u00e8 patteggiamento che tenga. Il maltrattamento semplice porta invece a due anni di reclusione e 30 mila euro di multa, cos\u00ec come le manifestazioni vietate; per i combattimenti ci sono quattro anni di carcere e 160 mila euro di multa, con pene sia per chi organizza che per chi assiste; prima era un reato perseguibile su querela, adesso invece lo \u00e8 anche d&#8217;ufficio &#8211; prosegue Brambilla -. C&#8217;\u00e8 una stretta pesante anche sull&#8217;abbandono di animali, che se avviene nei pressi di una strada vede la pena aumentare: se poi da tale abbandono deriva un incidente con conseguenze mortali gli anni di carcere sono sette, perch\u00e8 si prefigura l&#8217;omicidio stradale. Anche il traffico di cuccioli viene sanzionato con un anno e mezzo di carcere: a chi \u00e8 dedito a queste attivit\u00e0 verranno applicate le misure antimafia&#8221;.<br \/>\nLa peculiarit\u00e0 della legge, aggiunge, \u00e8 il fatto di vedere gli animali &#8220;come esseri senzienti e soggetti portatori di diritti: non vale solo per gli animali domestici, ma per tutti: voglio ringraziare chi ha contribuito alla stesura della legge, ma voglio anche lanciare un messaggio a quella parte di opposizione che ha provato a contrastarmi. Questa \u00e8 una battaglia di civilt\u00e0, cos\u00ec come quelle su ambiente e bambini: in questi casi l&#8217;arco parlamentare dovrebbe sempre essere unito, mentre io ho ricevuto una serie di attacchi incredibili che comunque non hanno portato al risultato che sperava l&#8217;opposizione. Mentre erano al governo potevano fare una legge come quella che ho promosso io: a parole dicono di essere filo-animalisti, nella realt\u00e0 contrastano una legge che d\u00e0 agli animali lo status di esseri finalmente senzienti; \u00e8 qualcosa che non capisco, ma su cui non voglio perdere tempo. Non sono riusciti a fermarmi perch\u00e8 non \u00e8 possibile fermare il cambiamento &#8211; spiega la deputata -. Nella legge \u00e8 prevista anche l&#8217;organizzazione di giornate dedicate all&#8217;impianto di microchip per i cani: chi non l&#8217;ha ancora fatto potr\u00e0 rimediare senza essere sanzionato&#8221;.<br \/>\n&#8220;La mia battaglia va comunque avanti, ora dobbiamo cristallizzare il fatto che gli animali siano membri delle nostre famiglie: in questo senso ci vuole un sistema veterinario adeguato, il mio impegno \u00e8 abbassare l&#8217;Iva sulle prestazioni veterinarie rispetto al 22% attuale&#8221;, conclude Brambilla.<div id=\"div-gpt-ad-Messinaoggi.it-DSK-300x250-corpoart\" style=\"text-align:center;margin:0 auto;\"><\/div><\/p>\n<p>&#8211; Foto Italpress &#8211;<div id=\"videoincontent\" style=\"clear:both\";><\/div><\/p>\n<p>(ITALPRESS).<\/p><\/div>\n","protected":false},"excerpt":{"rendered":"<p>ROMA (ITALPRESS) &#8211; Una stretta contro ogni forma di violenza sugli animali. Michela Brambilla, presidente della commissione parlamentare per l&#8217;Infanzia e l&#8217;Adolescenza e deputata di Noi moderati, ha illustrato in un&#8217;intervista a Claudio Brachino, per la rubrica Primo Piano dell&#8217;agenzia Italpress, i contenuti della legge che porta il suo nome in merito ai delitti contro [&hellip;]<\/p>\n","protected":false},"author":18,"featured_media":241693,"comment_status":"closed","ping_status":"closed","sticky":false,"template":"","format":"standard","meta":{"ub_ctt_via":"","_mi_skip_tracking":false},"categories":[446],"tags":[783],"featured_image_src":"https:\/\/www.messinaoggi.it\/website\/wp-content\/uploads\/2025\/05\/20250530_2195.jpg","author_info":{"display_name":"Admin","author_link":"https:\/\/www.messinaoggi.it\/website\/author\/admin\/"},"digistream_id":0,"digistream":false,"_links":{"self":[{"href":"https:\/\/www.messinaoggi.it\/website\/wp-json\/wp\/v2\/posts\/241692"}],"collection":[{"href":"https:\/\/www.messinaoggi.it\/website\/wp-json\/wp\/v2\/posts"}],"about":[{"href":"https:\/\/www.messinaoggi.it\/website\/wp-json\/wp\/v2\/types\/post"}],"author":[{"embeddable":true,"href":"https:\/\/www.messinaoggi.it\/website\/wp-json\/wp\/v2\/users\/18"}],"replies":[{"embeddable":true,"href":"https:\/\/www.messinaoggi.it\/website\/wp-json\/wp\/v2\/comments?post=241692"}],"version-history":[{"count":0,"href":"https:\/\/www.messinaoggi.it\/website\/wp-json\/wp\/v2\/posts\/241692\/revisions"}],"wp:featuredmedia":[{"embeddable":true,"href":"https:\/\/www.messinaoggi.it\/website\/wp-json\/wp\/v2\/media\/241693"}],"wp:attachment":[{"href":"https:\/\/www.messinaoggi.it\/website\/wp-json\/wp\/v2\/media?parent=241692"}],"wp:term":[{"taxonomy":"category","embeddable":true,"href":"https:\/\/www.messinaoggi.it\/website\/wp-json\/wp\/v2\/categories?post=241692"},{"taxonomy":"post_tag","embeddable":true,"href":"https:\/\/www.messinaoggi.it\/website\/wp-json\/wp\/v2\/tags?post=241692"}],"curies":[{"name":"wp","href":"https:\/\/api.w.org\/{rel}","templated":true}]}}