{"id":241682,"date":"2025-05-30T21:08:41","date_gmt":"2025-05-30T19:08:41","guid":{"rendered":"https:\/\/www.messinaoggi.it\/website\/2025\/05\/30\/lavoro-una-terza-via-per-la-contrattazione-collettiva\/"},"modified":"2025-05-30T21:08:41","modified_gmt":"2025-05-30T19:08:41","slug":"lavoro-una-terza-via-per-la-contrattazione-collettiva","status":"publish","type":"post","link":"https:\/\/www.messinaoggi.it\/website\/2025\/05\/30\/lavoro-una-terza-via-per-la-contrattazione-collettiva\/","title":{"rendered":"Lavoro, una \u201cterza via\u201d per la contrattazione collettiva"},"content":{"rendered":"<div>GENOVA (ITALPRESS) &#8211; Una &#8220;terza via della contrattazione collettiva&#8221; che tenga conto dei mutamenti indotti dall&#8217;intelligenza artificiale e metta al centro da un lato i lavoratori, dall&#8217;altro la crescita della competitivit\u00e0 e della produttivit\u00e0 aziendale. E&#8217; l&#8217;idea al centro del dibattito organizzato al Festival del Lavoro di Genova dalla Confederazione Cifa, alla luce del recente rinnovo del contratto collettivo intersettoriale con Confsal per i settori terziario, commercio, distribuzione, servizi, turismo e pubblici esercizi.<br \/>&#8220;Abbiamo chiarito che la terza via della contrattazione collettiva non fa danno, anzi mette al centro la persona. E la terza via della contrattazione collettiva che viene stipulata dall&#8217;associazione di imprese CIFA Italia e Confsal ha dato vita a un osservatorio sull&#8217;intelligenza artificiale &#8211; sottolinea Andrea Caf\u00e0, presidente di CIFA Italia -. Questo \u00e8 un grande successo, una grande risposta necessaria affinch\u00e8 si possa creare un gruppo di lavoro che monitori l&#8217;impatto dell&#8217;intelligenza artificiale nelle micro e piccole imprese, quelle che sono rimaste un p\u00f2 pi\u00f9 indietro. Chiarito quindi il fatto che la contrattazione CIFA-Confsal non sviluppa dumping, adesso c&#8217;\u00e8 il tema dell&#8217;equivalenza della contrattazione collettiva. Noi stiamo andando verso questa direzione e a breve credo che la contrattazione CIFA-Confsal andr\u00e0 oltre le equivalenze. Sar\u00e0 una contrattazione ricca, una contrattazione rivolta agli imprenditori che vogliono investire sulle risorse umane&#8221;.<br \/>Proprio sul tema delle equivalenze ha offerto chiarimenti Andrea Rapacciuolo, ispettore del lavoro, oggi presente all&#8217;evento di CIFA come esperto di diritto del lavoro: &#8220;Oggi abbiamo un quadro abbastanza chiaro perch\u00e8 una circolare dell&#8217;Ispettorato nazionale del Lavoro del 2020 \u00e8 stata ripresa dall&#8217;Anac nel gennaio di quest&#8217;anno e abbiamo un regolamento, inserito nel correttivo degli appalti pubblici, che declina quali sono i parametri per creare l&#8217;equivalenza. Per certe finalit\u00e0 non conta quale contratto applico, ma conta qual \u00e8 il trattamento economico e normativo che do ai miei lavoratori. Se il trattamento \u00e8 equivalente, allora posso accedere a quel beneficio contributivo, a quella gara pubblica. Il trattamento economico equivalente si intende assolutamente uguale, quindi neanche un centesimo di meno. La retribuzione globale annua che d\u00e0 il contratto leader deve essere la stessa che do io ai miei lavoratori. Per quanto riguarda invece gli indici normativi, che ad oggi sono 14, \u00e8 ammesso lo scostamento fino a due indici&#8221;.<br \/>Ma la contrattazione collettiva dovr\u00e0 dare risposte anche all&#8217;avvento pervasivo della tecnologia &#8211; dall&#8217;intelligenza artificiale all&#8217;automazione dei processi &#8211; in cui emergono timori concreti legati alla possibile riduzione dell&#8217;apporto umano nelle imprese. &#8220;Serve una commissione nazionale e decentrata che tratti il tema dell&#8217;intelligenza artificiale &#8211; commenta Cesare Damiano, presidente dell&#8217;Associazione Lavoro&amp;Welfare -. Applicarla vuol dire farlo insieme fra datori di lavoro e lavoratori. Sicuramente si tratter\u00e0 di sviluppare un filone nuovo di contrattazione. Le commissioni bilaterali possono aiutare a scavare questo problema. Un conto \u00e8 l&#8217;utilizzo dell&#8217;intelligenza artificiale ai fini della tutela dell&#8217;integrit\u00e0 psicofisica del lavoratore, un altro conto \u00e8 controllare il lavoratore. Il rischio \u00e8 quello dell&#8217;invasione nella privacy del lavoratore. Il rischio \u00e8 che attraverso l&#8217;intelligenza artificiale si intensifichi il lavoro della persona. Il rischio \u00e8 quello del tecno-stress. Opportunit\u00e0 e rischi che possono essere affrontati attraverso una sana contrattazione&#8221;.<div id=\"div-gpt-ad-Messinaoggi.it-DSK-300x250-corpoart\" style=\"text-align:center;margin:0 auto;\"><\/div><\/p>\n<p>&#8211; Foto xa8\/Italpress &#8211;<div id=\"videoincontent\" style=\"clear:both\";><\/div><\/p>\n<p>(ITALPRESS).<\/p><\/div>\n","protected":false},"excerpt":{"rendered":"<p>GENOVA (ITALPRESS) &#8211; Una &#8220;terza via della contrattazione collettiva&#8221; che tenga conto dei mutamenti indotti dall&#8217;intelligenza artificiale e metta al centro da un lato i lavoratori, dall&#8217;altro la crescita della competitivit\u00e0 e della produttivit\u00e0 aziendale. E&#8217; l&#8217;idea al centro del dibattito organizzato al Festival del Lavoro di Genova dalla Confederazione Cifa, alla luce del recente [&hellip;]<\/p>\n","protected":false},"author":18,"featured_media":241685,"comment_status":"closed","ping_status":"closed","sticky":false,"template":"","format":"standard","meta":{"ub_ctt_via":"","_mi_skip_tracking":false},"categories":[446],"tags":[783],"featured_image_src":"https:\/\/www.messinaoggi.it\/website\/wp-content\/uploads\/2025\/05\/20250530_2180.jpg","author_info":{"display_name":"Admin","author_link":"https:\/\/www.messinaoggi.it\/website\/author\/admin\/"},"digistream_id":0,"digistream":false,"_links":{"self":[{"href":"https:\/\/www.messinaoggi.it\/website\/wp-json\/wp\/v2\/posts\/241682"}],"collection":[{"href":"https:\/\/www.messinaoggi.it\/website\/wp-json\/wp\/v2\/posts"}],"about":[{"href":"https:\/\/www.messinaoggi.it\/website\/wp-json\/wp\/v2\/types\/post"}],"author":[{"embeddable":true,"href":"https:\/\/www.messinaoggi.it\/website\/wp-json\/wp\/v2\/users\/18"}],"replies":[{"embeddable":true,"href":"https:\/\/www.messinaoggi.it\/website\/wp-json\/wp\/v2\/comments?post=241682"}],"version-history":[{"count":0,"href":"https:\/\/www.messinaoggi.it\/website\/wp-json\/wp\/v2\/posts\/241682\/revisions"}],"wp:featuredmedia":[{"embeddable":true,"href":"https:\/\/www.messinaoggi.it\/website\/wp-json\/wp\/v2\/media\/241685"}],"wp:attachment":[{"href":"https:\/\/www.messinaoggi.it\/website\/wp-json\/wp\/v2\/media?parent=241682"}],"wp:term":[{"taxonomy":"category","embeddable":true,"href":"https:\/\/www.messinaoggi.it\/website\/wp-json\/wp\/v2\/categories?post=241682"},{"taxonomy":"post_tag","embeddable":true,"href":"https:\/\/www.messinaoggi.it\/website\/wp-json\/wp\/v2\/tags?post=241682"}],"curies":[{"name":"wp","href":"https:\/\/api.w.org\/{rel}","templated":true}]}}