{"id":241664,"date":"2025-05-30T21:08:32","date_gmt":"2025-05-30T19:08:32","guid":{"rendered":"https:\/\/www.messinaoggi.it\/website\/2025\/05\/30\/katz-faremo-stato-ebraico-israeliano-in-cisgiordania\/"},"modified":"2025-05-30T21:08:32","modified_gmt":"2025-05-30T19:08:32","slug":"katz-faremo-stato-ebraico-israeliano-in-cisgiordania","status":"publish","type":"post","link":"https:\/\/www.messinaoggi.it\/website\/2025\/05\/30\/katz-faremo-stato-ebraico-israeliano-in-cisgiordania\/","title":{"rendered":"Katz \u201cFaremo Stato ebraico-israeliano in Cisgiordania\u201d"},"content":{"rendered":"<div>TEL AVIV (ISRAELE) (ITALPRESS) &#8211; <em>L&#8217;approvazione per costruire 22 insediamenti ebraici in Cisgiordania \u00e8 &#8220;un momento storico&#8221; e un &#8220;chiaro messaggio a Macron e ai suoi amici&#8221;.<\/em> Lo ha detto <strong>oggi il ministero della Difesa israeliano, Israel Katz,<\/strong> recatosi in visita nell&#8217;insediamento di Sa-Nur, sgomberato nel 2005 in concomitanza con il ritiro di Israele dalla <strong>Striscia di Gaza<\/strong>.<div id=\"div-gpt-ad-Messinaoggi.it-DSK-300x250-corpoart\" style=\"text-align:center;margin:0 auto;\"><\/div><\/p>\n<p>&#8220;<em>Riconosceranno uno Stato palestinese sulla carta e noi costruiremo lo Stato ebraico-israeliano sul campo. La carta verr\u00e0 gettata nel cestino della storia e lo Stato di Israele prosperer\u00e0 e fiorir\u00e0&#8221;,<\/em> ha dichiarato Katz. Il ministro ha aggiunto:<em> &#8220;Non minacciateci di imporre sanzioni perch\u00e8 non ci metterete in ginocchio. Lo Stato di Israele non abbasser\u00e0 la testa di fronte alle minacce&#8221;.<\/em> Oggi il presidente francese <strong>Emmanuel Macron<\/strong> ha dichiarato che il riconoscimento di uno Stato palestinese, a determinate condizioni, \u00e8 un <em>&#8220;dovere morale&#8221;.<\/em><br \/>\n(ITALPRESS).<br \/>\nFoto Fonte Ipa Agency-<\/div>\n<div id=\"videoincontent\" style=\"clear:both\";><\/div>","protected":false},"excerpt":{"rendered":"<p>TEL AVIV (ISRAELE) (ITALPRESS) &#8211; L&#8217;approvazione per costruire 22 insediamenti ebraici in Cisgiordania \u00e8 &#8220;un momento storico&#8221; e un &#8220;chiaro messaggio a Macron e ai suoi amici&#8221;. Lo ha detto oggi il ministero della Difesa israeliano, Israel Katz, recatosi in visita nell&#8217;insediamento di Sa-Nur, sgomberato nel 2005 in concomitanza con il ritiro di Israele dalla [&hellip;]<\/p>\n","protected":false},"author":18,"featured_media":241665,"comment_status":"closed","ping_status":"closed","sticky":false,"template":"","format":"standard","meta":{"ub_ctt_via":"","_mi_skip_tracking":false},"categories":[446],"tags":[783],"featured_image_src":"https:\/\/www.messinaoggi.it\/website\/wp-content\/uploads\/2025\/05\/20250530_1747.jpg","author_info":{"display_name":"Admin","author_link":"https:\/\/www.messinaoggi.it\/website\/author\/admin\/"},"digistream_id":0,"digistream":false,"_links":{"self":[{"href":"https:\/\/www.messinaoggi.it\/website\/wp-json\/wp\/v2\/posts\/241664"}],"collection":[{"href":"https:\/\/www.messinaoggi.it\/website\/wp-json\/wp\/v2\/posts"}],"about":[{"href":"https:\/\/www.messinaoggi.it\/website\/wp-json\/wp\/v2\/types\/post"}],"author":[{"embeddable":true,"href":"https:\/\/www.messinaoggi.it\/website\/wp-json\/wp\/v2\/users\/18"}],"replies":[{"embeddable":true,"href":"https:\/\/www.messinaoggi.it\/website\/wp-json\/wp\/v2\/comments?post=241664"}],"version-history":[{"count":0,"href":"https:\/\/www.messinaoggi.it\/website\/wp-json\/wp\/v2\/posts\/241664\/revisions"}],"wp:featuredmedia":[{"embeddable":true,"href":"https:\/\/www.messinaoggi.it\/website\/wp-json\/wp\/v2\/media\/241665"}],"wp:attachment":[{"href":"https:\/\/www.messinaoggi.it\/website\/wp-json\/wp\/v2\/media?parent=241664"}],"wp:term":[{"taxonomy":"category","embeddable":true,"href":"https:\/\/www.messinaoggi.it\/website\/wp-json\/wp\/v2\/categories?post=241664"},{"taxonomy":"post_tag","embeddable":true,"href":"https:\/\/www.messinaoggi.it\/website\/wp-json\/wp\/v2\/tags?post=241664"}],"curies":[{"name":"wp","href":"https:\/\/api.w.org\/{rel}","templated":true}]}}