{"id":241534,"date":"2025-05-30T13:08:36","date_gmt":"2025-05-30T11:08:36","guid":{"rendered":"https:\/\/www.messinaoggi.it\/website\/2025\/05\/30\/meloni-momento-storico-nelle-relazioni-tra-italia-e-asia-centrale\/"},"modified":"2025-05-30T13:08:36","modified_gmt":"2025-05-30T11:08:36","slug":"meloni-momento-storico-nelle-relazioni-tra-italia-e-asia-centrale","status":"publish","type":"post","link":"https:\/\/www.messinaoggi.it\/website\/2025\/05\/30\/meloni-momento-storico-nelle-relazioni-tra-italia-e-asia-centrale\/","title":{"rendered":"Meloni \u201cMomento storico nelle relazioni tra Italia e Asia centrale\u201d"},"content":{"rendered":"<div>ROMA (ITALPRESS) &#8211; Tra Italia e Asia centrale c&#8217;\u00e8 una &#8220;collaborazione strategiaca su molti temi&#8221; ed \u00e8 &#8220;un momento storico nei nostri rapporti&#8221;. Cos\u00ec il presidente del Consiglio, Giorgia Meloni, all&#8217;Astana International Forum.<br \/>&#8220;L&#8217;Italia \u00e8 stata la prima Nazione nell&#8217;Unione europea a decidere di investire nelle relazioni con l&#8217;Asia centrale ed i suoi Paesi&#8221;, sottolinea la premier, aggiungendo: &#8220;Il nostro esempio ha guidato il cammino per il primo summit Ue-Asia centrale&#8221;. &#8220;Creare ponti esplorando strade che altri non hanno avuto coraggio di esplorare \u00e8 nel Dna degli italiani, l&#8217;eredit\u00e0 di Marco Polo&#8221;, puntualizza la premier Giorgia Meloni.<br \/>&#8211; foto screenshot video ufficio stampa Palazzo Chigi &#8211;<br \/>(ITALPRESS).<\/div>\n<div id=\"div-gpt-ad-Messinaoggi.it-DSK-300x250-corpoart\" style=\"text-align:center;margin:0 auto;\"><\/div><\/p><div id=\"videoincontent\" style=\"clear:both\";><\/div>","protected":false},"excerpt":{"rendered":"<p>ROMA (ITALPRESS) &#8211; Tra Italia e Asia centrale c&#8217;\u00e8 una &#8220;collaborazione strategiaca su molti temi&#8221; ed \u00e8 &#8220;un momento storico nei nostri rapporti&#8221;. Cos\u00ec il presidente del Consiglio, Giorgia Meloni, all&#8217;Astana International Forum.&#8220;L&#8217;Italia \u00e8 stata la prima Nazione nell&#8217;Unione europea a decidere di investire nelle relazioni con l&#8217;Asia centrale ed i suoi Paesi&#8221;, sottolinea la [&hellip;]<\/p>\n","protected":false},"author":18,"featured_media":241535,"comment_status":"closed","ping_status":"closed","sticky":false,"template":"","format":"standard","meta":{"ub_ctt_via":"","_mi_skip_tracking":false},"categories":[446],"tags":[783],"featured_image_src":"https:\/\/www.messinaoggi.it\/website\/wp-content\/uploads\/2025\/05\/20250530_0092.jpg","author_info":{"display_name":"Admin","author_link":"https:\/\/www.messinaoggi.it\/website\/author\/admin\/"},"digistream_id":0,"digistream":false,"_links":{"self":[{"href":"https:\/\/www.messinaoggi.it\/website\/wp-json\/wp\/v2\/posts\/241534"}],"collection":[{"href":"https:\/\/www.messinaoggi.it\/website\/wp-json\/wp\/v2\/posts"}],"about":[{"href":"https:\/\/www.messinaoggi.it\/website\/wp-json\/wp\/v2\/types\/post"}],"author":[{"embeddable":true,"href":"https:\/\/www.messinaoggi.it\/website\/wp-json\/wp\/v2\/users\/18"}],"replies":[{"embeddable":true,"href":"https:\/\/www.messinaoggi.it\/website\/wp-json\/wp\/v2\/comments?post=241534"}],"version-history":[{"count":0,"href":"https:\/\/www.messinaoggi.it\/website\/wp-json\/wp\/v2\/posts\/241534\/revisions"}],"wp:featuredmedia":[{"embeddable":true,"href":"https:\/\/www.messinaoggi.it\/website\/wp-json\/wp\/v2\/media\/241535"}],"wp:attachment":[{"href":"https:\/\/www.messinaoggi.it\/website\/wp-json\/wp\/v2\/media?parent=241534"}],"wp:term":[{"taxonomy":"category","embeddable":true,"href":"https:\/\/www.messinaoggi.it\/website\/wp-json\/wp\/v2\/categories?post=241534"},{"taxonomy":"post_tag","embeddable":true,"href":"https:\/\/www.messinaoggi.it\/website\/wp-json\/wp\/v2\/tags?post=241534"}],"curies":[{"name":"wp","href":"https:\/\/api.w.org\/{rel}","templated":true}]}}