{"id":24149,"date":"2018-09-11T09:39:07","date_gmt":"2018-09-11T07:39:07","guid":{"rendered":"http:\/\/www.messinaoggi.it\/website\/?p=24149"},"modified":"2018-09-11T09:39:07","modified_gmt":"2018-09-11T07:39:07","slug":"ricattava-80-dipendenti-denunciato-imprenditore","status":"publish","type":"post","link":"https:\/\/www.messinaoggi.it\/website\/2018\/09\/11\/ricattava-80-dipendenti-denunciato-imprenditore\/","title":{"rendered":"Ricattava 80 dipendenti, denunciato imprenditore"},"content":{"rendered":"<p>Un imprenditore di Barcellona \u00e8 stato denunciato dalla Guardia di Finanza con l&#8217;accusa di estorsione nei confronti di 80 suoi dipendenti e per illecita percezione di erogazioni pubbliche.<br \/>\nLe indagini hanno consentito di dimostrare come l&#8217;uomo, titolare di una importante catena di supermercati fino al 2016, abusando del suo ruolo e minacciando i dipendenti costringeva questi ultimi a firmare contratti che prevedevano la diminuzione dell&#8217;orario di lavoro con conseguente riduzione dello stipendio, nonostante in realt\u00e0 lavorassero per un numero di ore settimanali ben superiore a quelle previste (40 ore anzich\u00e9 28).<br \/>\nL&#8217;adozione di questi contratti, apparentemente per evitare la riduzione del personale e per agevolare nuove assunzioni, ha consentito al datore di lavoro di ottenere dall&#8217;Inps un indebito contributo di solidariet\u00e0 di circa 30.000 euro.<br \/>\nLe indagini, avviate sulla base delle segnalazioni pervenute dai lavoratori dipendenti, hanno consentito di accertare gravi irregolarit\u00e0 nelle modalit\u00e0 di sottoscrizione e attuazione del rapporto di lavoro e di rilevare il mancato pagamento di numerose mensilit\u00e0 di salari e stipendi quantificato dai finanzieri in oltre 1,2 milioni di euro<div id=\"div-gpt-ad-Messinaoggi.it-DSK-300x250-corpoart\" style=\"text-align:center;margin:0 auto;\"><\/div><\/p>\n<div id=\"videoincontent\" style=\"clear:both\";><\/div>","protected":false},"excerpt":{"rendered":"<p>Un imprenditore di Barcellona \u00e8 stato denunciato dalla Guardia di Finanza con l&#8217;accusa di estorsione nei confronti di 80 suoi dipendenti e per illecita percezione di erogazioni pubbliche. Le indagini hanno consentito di dimostrare come l&#8217;uomo, titolare di una importante catena di supermercati fino al 2016, abusando del suo ruolo e minacciando i dipendenti costringeva [&hellip;]<\/p>\n","protected":false},"author":2,"featured_media":24151,"comment_status":"closed","ping_status":"open","sticky":false,"template":"","format":"standard","meta":{"ub_ctt_via":"","_mi_skip_tracking":false},"categories":[6],"tags":[],"featured_image_src":"https:\/\/www.messinaoggi.it\/website\/wp-content\/uploads\/2018\/09\/86C677EC-09DF-426B-97AC-9A548DCD1734.jpeg","author_info":{"display_name":"Redazione","author_link":"https:\/\/www.messinaoggi.it\/website\/author\/redazione\/"},"digistream_id":0,"digistream":false,"_links":{"self":[{"href":"https:\/\/www.messinaoggi.it\/website\/wp-json\/wp\/v2\/posts\/24149"}],"collection":[{"href":"https:\/\/www.messinaoggi.it\/website\/wp-json\/wp\/v2\/posts"}],"about":[{"href":"https:\/\/www.messinaoggi.it\/website\/wp-json\/wp\/v2\/types\/post"}],"author":[{"embeddable":true,"href":"https:\/\/www.messinaoggi.it\/website\/wp-json\/wp\/v2\/users\/2"}],"replies":[{"embeddable":true,"href":"https:\/\/www.messinaoggi.it\/website\/wp-json\/wp\/v2\/comments?post=24149"}],"version-history":[{"count":0,"href":"https:\/\/www.messinaoggi.it\/website\/wp-json\/wp\/v2\/posts\/24149\/revisions"}],"wp:featuredmedia":[{"embeddable":true,"href":"https:\/\/www.messinaoggi.it\/website\/wp-json\/wp\/v2\/media\/24151"}],"wp:attachment":[{"href":"https:\/\/www.messinaoggi.it\/website\/wp-json\/wp\/v2\/media?parent=24149"}],"wp:term":[{"taxonomy":"category","embeddable":true,"href":"https:\/\/www.messinaoggi.it\/website\/wp-json\/wp\/v2\/categories?post=24149"},{"taxonomy":"post_tag","embeddable":true,"href":"https:\/\/www.messinaoggi.it\/website\/wp-json\/wp\/v2\/tags?post=24149"}],"curies":[{"name":"wp","href":"https:\/\/api.w.org\/{rel}","templated":true}]}}