{"id":24143,"date":"2018-09-10T22:38:45","date_gmt":"2018-09-10T20:38:45","guid":{"rendered":"http:\/\/www.messinaoggi.it\/website\/?p=24143"},"modified":"2018-09-10T22:38:45","modified_gmt":"2018-09-10T20:38:45","slug":"sindaco-consiglio-dopo-il-bisticcio-scoppia-la-pace","status":"publish","type":"post","link":"https:\/\/www.messinaoggi.it\/website\/2018\/09\/10\/sindaco-consiglio-dopo-il-bisticcio-scoppia-la-pace\/","title":{"rendered":"Sindaco-consiglio: dopo il bisticcio scoppia la pace"},"content":{"rendered":"<p class=\"p1\" style=\"text-align: justify;\"><span class=\"s1\">Scoppia nuovamente la pace fra sindaco e consiglio comunale. Le dimissioni minacciate dal sindaco avr\u00e0 certamente fatto tornare i consiglieri sui propri passi.<\/span><div id=\"div-gpt-ad-Messinaoggi.it-DSK-300x250-corpoart\" style=\"text-align:center;margin:0 auto;\"><\/div><\/p>\n<p class=\"p1\" style=\"text-align: justify;\"><span class=\"s1\">Si \u00e8 svolto questo pomeriggio un ampio confronto tra la Giunta, rappresentata dal sindaco Cateno De Luca e dal vicesindaco Salvatore Mondello, e l\u2019Ufficio di Presidenza del Consiglio Comunale, in merito alla proposta di modifica del Regolamento consiliare che la Giunta ha inoltrato alla Presidenza del Consiglio, al fine di adeguare il vigente Regolamento alle complessive esigenze dell\u2019esecutivo (Dirigenti dei Dipartimenti, Segretario Generale, rappresentanti e Dirigenti delle Societ\u00e0 partecipate). <\/span><div id=\"videoincontent\" style=\"clear:both\";><\/div><\/p>\n<p class=\"p1\" style=\"text-align: justify;\"><span class=\"s1\">&#8220;A seguito di un sereno confronto, finalizzato ad esplicitare le motivazioni che hanno indotto la Giunta all\u2019elaborazione della proposta di modifica del Regolamento consiliare, si \u00e8 stabilito, se richiesto dai Capigruppo, un ulteriore incontro esplicativo della complessiva proposta. Entrambe le parti, hanno comunque espresso la volont\u00e0 di addivenire ad un testo condiviso nel pi\u00f9 breve tempo possibile, al fine di garantire la massima funzionalit\u00e0 delle istituzioni municipali, per affrontare e risolvere le varie e gravi problematiche che limitano la ripresa socioeconomica della nostra citt\u00e0&#8221;.<\/span><\/p>\n<p>Lo rende noto il sindaco Cateno De Luca attraverso un comunicato stampa.<\/p>\n","protected":false},"excerpt":{"rendered":"<p>Scoppia nuovamente la pace fra sindaco e consiglio comunale. Le dimissioni minacciate dal sindaco avr\u00e0 certamente fatto tornare i consiglieri sui propri passi. Si \u00e8 svolto questo pomeriggio un ampio confronto tra la Giunta, rappresentata dal sindaco Cateno De Luca e dal vicesindaco Salvatore Mondello, e l\u2019Ufficio di Presidenza del Consiglio Comunale, in merito alla [&hellip;]<\/p>\n","protected":false},"author":2,"featured_media":24144,"comment_status":"closed","ping_status":"open","sticky":false,"template":"","format":"standard","meta":{"ub_ctt_via":"","_mi_skip_tracking":false},"categories":[19],"tags":[],"featured_image_src":"https:\/\/www.messinaoggi.it\/website\/wp-content\/uploads\/2018\/09\/41447377_326203677956187_8702814188034064384_n.jpg","author_info":{"display_name":"Redazione","author_link":"https:\/\/www.messinaoggi.it\/website\/author\/redazione\/"},"digistream_id":0,"digistream":false,"_links":{"self":[{"href":"https:\/\/www.messinaoggi.it\/website\/wp-json\/wp\/v2\/posts\/24143"}],"collection":[{"href":"https:\/\/www.messinaoggi.it\/website\/wp-json\/wp\/v2\/posts"}],"about":[{"href":"https:\/\/www.messinaoggi.it\/website\/wp-json\/wp\/v2\/types\/post"}],"author":[{"embeddable":true,"href":"https:\/\/www.messinaoggi.it\/website\/wp-json\/wp\/v2\/users\/2"}],"replies":[{"embeddable":true,"href":"https:\/\/www.messinaoggi.it\/website\/wp-json\/wp\/v2\/comments?post=24143"}],"version-history":[{"count":0,"href":"https:\/\/www.messinaoggi.it\/website\/wp-json\/wp\/v2\/posts\/24143\/revisions"}],"wp:featuredmedia":[{"embeddable":true,"href":"https:\/\/www.messinaoggi.it\/website\/wp-json\/wp\/v2\/media\/24144"}],"wp:attachment":[{"href":"https:\/\/www.messinaoggi.it\/website\/wp-json\/wp\/v2\/media?parent=24143"}],"wp:term":[{"taxonomy":"category","embeddable":true,"href":"https:\/\/www.messinaoggi.it\/website\/wp-json\/wp\/v2\/categories?post=24143"},{"taxonomy":"post_tag","embeddable":true,"href":"https:\/\/www.messinaoggi.it\/website\/wp-json\/wp\/v2\/tags?post=24143"}],"curies":[{"name":"wp","href":"https:\/\/api.w.org\/{rel}","templated":true}]}}