{"id":24137,"date":"2018-09-10T18:23:05","date_gmt":"2018-09-10T16:23:05","guid":{"rendered":"http:\/\/www.messinaoggi.it\/website\/?p=24137"},"modified":"2018-09-10T18:23:05","modified_gmt":"2018-09-10T16:23:05","slug":"lino-santoro-ho-tolto-volontariamente-il-mio-gazebo","status":"publish","type":"post","link":"https:\/\/www.messinaoggi.it\/website\/2018\/09\/10\/lino-santoro-ho-tolto-volontariamente-il-mio-gazebo\/","title":{"rendered":"Lino Santoro: &quot;Ho tolto volontariamente il mio gazebo&quot;"},"content":{"rendered":"<p style=\"text-align: justify;\">Questa mattina operai al lavoro a piazza Cairoli per la rimozione temporanea del gazebo del ritrovo Santoro. L&#8217;intervento rientra nell&#8217;ambito degli interventi di riqualificazione della piazza realizzati con la collaborazione dei privati.<div id=\"div-gpt-ad-Messinaoggi.it-DSK-300x250-corpoart\" style=\"text-align:center;margin:0 auto;\"><\/div><\/p>\n<p style=\"text-align: justify;\">&#8220;E<em>&#8216; stata una scelta volontaria\u00a0 &#8211; precisa Lino Santoro &#8211; che abbiamo deciso di portare avanti dopo che da anni la struttura era inutilizzabile per la poca sicurezza della piazza. Nonostante le continue richieste alla precedente amministrazione non abbiamo ricevuto mai alcuna risposta. Adesso, mi auguro che la nuova amministrazione faccia proprio il nuovo progetto in armonia con la riqualificazione di piazza Cairoli. Noi commercianti, com&#8217;\u00e8 noto, da pi\u00f9 di un anno abbiamo costituito un&#8217;associazione che si \u00e8 presa carico di curare le aiuole e rendere la piazza quanto pi\u00f9 accogliente<\/em>&#8220;.<div id=\"videoincontent\" style=\"clear:both\";><\/div><\/p>\n<p style=\"text-align: justify;\">Come si ricorder\u00e0, il gazebo di Santoro \u00e8 stato chiuso per ragioni di sicurezza. &#8220;<em>Non era solo il parquet a rendere poco sicuro il gazebo, ma anche il continuo crollo di lastre di ferro poste sulla struttura della piazza. Cose che abbiamo segnalato pi\u00f9 volte alle precedenti amministrazioni comunali&#8221;<\/em>.<\/p>\n","protected":false},"excerpt":{"rendered":"<p>Questa mattina operai al lavoro a piazza Cairoli per la rimozione temporanea del gazebo del ritrovo Santoro. L&#8217;intervento rientra nell&#8217;ambito degli interventi di riqualificazione della piazza realizzati con la collaborazione dei privati. &#8220;E&#8216; stata una scelta volontaria\u00a0 &#8211; precisa Lino Santoro &#8211; che abbiamo deciso di portare avanti dopo che da anni la struttura era [&hellip;]<\/p>\n","protected":false},"author":2,"featured_media":24133,"comment_status":"closed","ping_status":"open","sticky":false,"template":"","format":"standard","meta":{"ub_ctt_via":"","_mi_skip_tracking":false},"categories":[6],"tags":[],"featured_image_src":"https:\/\/www.messinaoggi.it\/website\/wp-content\/uploads\/2018\/09\/FF731BDC-0CBA-4687-B004-1C3DF144A38D.jpeg","author_info":{"display_name":"Redazione","author_link":"https:\/\/www.messinaoggi.it\/website\/author\/redazione\/"},"digistream_id":0,"digistream":false,"_links":{"self":[{"href":"https:\/\/www.messinaoggi.it\/website\/wp-json\/wp\/v2\/posts\/24137"}],"collection":[{"href":"https:\/\/www.messinaoggi.it\/website\/wp-json\/wp\/v2\/posts"}],"about":[{"href":"https:\/\/www.messinaoggi.it\/website\/wp-json\/wp\/v2\/types\/post"}],"author":[{"embeddable":true,"href":"https:\/\/www.messinaoggi.it\/website\/wp-json\/wp\/v2\/users\/2"}],"replies":[{"embeddable":true,"href":"https:\/\/www.messinaoggi.it\/website\/wp-json\/wp\/v2\/comments?post=24137"}],"version-history":[{"count":0,"href":"https:\/\/www.messinaoggi.it\/website\/wp-json\/wp\/v2\/posts\/24137\/revisions"}],"wp:featuredmedia":[{"embeddable":true,"href":"https:\/\/www.messinaoggi.it\/website\/wp-json\/wp\/v2\/media\/24133"}],"wp:attachment":[{"href":"https:\/\/www.messinaoggi.it\/website\/wp-json\/wp\/v2\/media?parent=24137"}],"wp:term":[{"taxonomy":"category","embeddable":true,"href":"https:\/\/www.messinaoggi.it\/website\/wp-json\/wp\/v2\/categories?post=24137"},{"taxonomy":"post_tag","embeddable":true,"href":"https:\/\/www.messinaoggi.it\/website\/wp-json\/wp\/v2\/tags?post=24137"}],"curies":[{"name":"wp","href":"https:\/\/api.w.org\/{rel}","templated":true}]}}