{"id":241348,"date":"2025-05-29T10:49:32","date_gmt":"2025-05-29T08:49:32","guid":{"rendered":"http:\/\/www.messinaoggi.it\/website\/?p=241348"},"modified":"2025-05-29T10:49:34","modified_gmt":"2025-05-29T08:49:34","slug":"unime-maria-grazia-sindoni-si-dimette-da-prorettrice","status":"publish","type":"post","link":"https:\/\/www.messinaoggi.it\/website\/2025\/05\/29\/unime-maria-grazia-sindoni-si-dimette-da-prorettrice\/","title":{"rendered":"Unime, Maria Grazia Sindoni si dimette da Prorettrice"},"content":{"rendered":"\n<p>La prof.ssa <strong>Maria Grazia Sindoni<\/strong> ha rimesso l\u2019incarico di Prorettrice ai Percorsi interculturali e al Plurilinguismo dell&#8217;Universit\u00e0 di Messina. <div id=\"div-gpt-ad-Messinaoggi.it-DSK-300x250-corpoart\" style=\"text-align:center;margin:0 auto;\"><\/div><\/p>\n\n\n\n<p>La decisione \u00e8 maturata \u201cin seguito \u2013 ha comunicato la prof.ssa Sindoni \u2013 a una progressiva ridefinizione dei miei impegni accademici in ambito internazionale, con un significativo aumento delle responsabilit\u00e0 scientifiche e progettuali.Resta per me fondamentale \u2013 ha aggiunto \u2013 continuare a offrire, con spirito di servizio e collaborazione, il mio contributo alle attivit\u00e0 di internazionalizzazione e alle progettualit\u00e0 culturali che ho avuto l\u2019onore di seguire in questi anni con dedizione\u201d.<div id=\"videoincontent\" style=\"clear:both\";><\/div><\/p>\n\n\n\n<p>La prof.ssa Sindoni, infine, ha ringraziato la Rettrice per la fiducia che le \u00e8 stata accordata.<\/p>\n\n\n\n<p>\u201cSono dispiaciuta \u2013 afferma la Rettrice, prof.ssa <strong>Giovanna Spatari<\/strong> \u2013 per la scelta della prof.ssa Sindoni, ma ne comprendo le ragioni. Coniugare gli incarichi di governo con un\u2019accresciuta attivit\u00e0 di ricerca internazionale, con sempre maggiori responsabilit\u00e0 scientifiche e progettuali, non \u00e8 mai semplice. Mi auguro, comunque, che la prof.ssa Sindoni possa continuare, seppur dall\u2019esterno, a supportare il nostro lavoro. La ringrazio per quanto ha dato all\u2019Ateneo ed a me personalmente in questo anno e mezzo, sotto il profilo professionale e personale. Le auguro le migliori fortune, cos\u00ec come auguro buon lavoro a chi subentrer\u00e0 nelle sue deleghe. Abbiamo voluto procedere a una redistribuzione immediata, per non creare alcun vuoto gestionale all\u2019interno di settori su cui puntiamo in maniera particolare\u201d.<\/p>\n\n\n\n<p>La Rettrice ha, quindi, nominato:<\/p>\n\n\n\n<ul><li>Prof.ssa <strong>Mariavita Cambria<\/strong> (Dipartimento DICAM), delegata a presiedere il CLA<\/li><li>Prof.ssa <strong>Enza Crupi<\/strong> (Dipartimento MIFT), delegata ai Dottorati di Ricerca.<\/li><\/ul>\n\n\n\n<p>Ha, inoltre, integrato le seguenti deleghe:<\/p>\n\n\n\n<ul><li>Prof. <strong>Emanuele Brianti<\/strong> (Dipartimento di Scienze Veterinarie), delegato alla Didattica Innovativa;<\/li><li>Prof. <strong>Luigi Calabrese<\/strong> (Dipartimento di Ingegneria), delegato agli Accordi internazionali;<\/li><li>Prof. <strong>Claudio Meliad\u00f2<\/strong> (Dipartimento DICAM), delegato ai CdS Internazionali e con doppio titolo.<\/li><li>Prof. <strong>Alessandro Pistone<\/strong> (Dipartimento di Ingegneria), delegato alla Valorizzazione dell\u2019Offerta formativa<\/li><li>Prof.ssa <strong>Teresa Pollicino<\/strong> (Dipartimento Dimed), delegata all\u2019Open Science.<\/li><\/ul>\n","protected":false},"excerpt":{"rendered":"<p>La prof.ssa Maria Grazia Sindoni ha rimesso l\u2019incarico di Prorettrice ai Percorsi interculturali e al Plurilinguismo dell&#8217;Universit\u00e0 di Messina. La decisione \u00e8 maturata \u201cin seguito \u2013 ha comunicato la prof.ssa Sindoni \u2013 a una progressiva ridefinizione dei miei impegni accademici in ambito internazionale, con un significativo aumento delle responsabilit\u00e0 scientifiche e progettuali.Resta per me fondamentale [&hellip;]<\/p>\n","protected":false},"author":15,"featured_media":10360,"comment_status":"open","ping_status":"open","sticky":false,"template":"","format":"standard","meta":{"ub_ctt_via":"","_mi_skip_tracking":false},"categories":[5,6],"tags":[611,11518,612,9291],"featured_image_src":"https:\/\/www.messinaoggi.it\/website\/wp-content\/uploads\/2017\/10\/universita-di-messinaRRP_1724.jpg","author_info":{"display_name":"red.me","author_link":"https:\/\/www.messinaoggi.it\/website\/author\/red-me\/"},"digistream_id":0,"digistream":false,"_links":{"self":[{"href":"https:\/\/www.messinaoggi.it\/website\/wp-json\/wp\/v2\/posts\/241348"}],"collection":[{"href":"https:\/\/www.messinaoggi.it\/website\/wp-json\/wp\/v2\/posts"}],"about":[{"href":"https:\/\/www.messinaoggi.it\/website\/wp-json\/wp\/v2\/types\/post"}],"author":[{"embeddable":true,"href":"https:\/\/www.messinaoggi.it\/website\/wp-json\/wp\/v2\/users\/15"}],"replies":[{"embeddable":true,"href":"https:\/\/www.messinaoggi.it\/website\/wp-json\/wp\/v2\/comments?post=241348"}],"version-history":[{"count":6,"href":"https:\/\/www.messinaoggi.it\/website\/wp-json\/wp\/v2\/posts\/241348\/revisions"}],"predecessor-version":[{"id":241354,"href":"https:\/\/www.messinaoggi.it\/website\/wp-json\/wp\/v2\/posts\/241348\/revisions\/241354"}],"wp:featuredmedia":[{"embeddable":true,"href":"https:\/\/www.messinaoggi.it\/website\/wp-json\/wp\/v2\/media\/10360"}],"wp:attachment":[{"href":"https:\/\/www.messinaoggi.it\/website\/wp-json\/wp\/v2\/media?parent=241348"}],"wp:term":[{"taxonomy":"category","embeddable":true,"href":"https:\/\/www.messinaoggi.it\/website\/wp-json\/wp\/v2\/categories?post=241348"},{"taxonomy":"post_tag","embeddable":true,"href":"https:\/\/www.messinaoggi.it\/website\/wp-json\/wp\/v2\/tags?post=241348"}],"curies":[{"name":"wp","href":"https:\/\/api.w.org\/{rel}","templated":true}]}}